{"id":82,"date":"2026-07-21T17:02:11","date_gmt":"2026-07-21T20:02:11","guid":{"rendered":"https:\/\/www.vitraissantaterezinha.com.br\/blog\/?p=82"},"modified":"2026-07-21T17:02:12","modified_gmt":"2026-07-21T20:02:12","slug":"como-o-vidro-mini-boreal-transforma-ambientes-com-privacidade-e-estilo","status":"publish","type":"post","link":"https:\/\/www.vitraissantaterezinha.com.br\/blog\/como-o-vidro-mini-boreal-transforma-ambientes-com-privacidade-e-estilo\/","title":{"rendered":"Vidro mini boreal: quando e onde comprar"},"content":{"rendered":"<span class=\"span-reading-time rt-reading-time\" style=\"display: block;\"><span class=\"rt-label rt-prefix\">Tempo de leitura: <\/span> <span class=\"rt-time\"> 4<\/span> <span class=\"rt-label rt-postfix\">minutos<\/span><\/span>\n<p class=\"has-medium-font-size wp-block-paragraph\"><strong><em>Descubra como o vidro mini boreal une privacidade, luz natural e design, transformando ambientes residenciais e comerciais com estilo \u00fanico.<\/em><\/strong><\/p>\n\n\n\n<p class=\"wp-block-paragraph\">O vidro mini boreal vem ganhando espa\u00e7o em projetos de arquitetura e decora\u00e7\u00e3o por unir <strong>funcionalidade e est\u00e9tica<\/strong>. Esse tipo de vidro texturizado apresenta pequenas formas quadriculadas que distorcem a vis\u00e3o, permitindo a entrada de luz natural sem comprometer a privacidade.<\/p>\n\n\n\n<p class=\"wp-block-paragraph\">Al\u00e9m de bonito, o vidro mini boreal \u00e9 vers\u00e1til e pode ser aplicado em diferentes ambientes, desde banheiros e lavabos at\u00e9 portas e divis\u00f3rias em resid\u00eancias, com\u00e9rcios e escrit\u00f3rios. O resultado \u00e9 um espa\u00e7o mais aconchegante, elegante e com a ilumina\u00e7\u00e3o adequada.<\/p>\n\n\n\n<p class=\"wp-block-paragraph\">Neste artigo, voc\u00ea vai entender melhor como esse material funciona, suas principais vantagens e onde utiliz\u00e1-lo para transformar qualquer ambiente.<\/p>\n\n\n\n<div id=\"ez-toc-container\" class=\"ez-toc-v2_0_75 counter-hierarchy ez-toc-counter ez-toc-grey ez-toc-container-direction\">\n<div class=\"ez-toc-title-container\">\n<p class=\"ez-toc-title\" style=\"cursor:inherit\">O que abordaremos neste artigo:<\/p>\n<span class=\"ez-toc-title-toggle\"><a href=\"#\" class=\"ez-toc-pull-right ez-toc-btn ez-toc-btn-xs ez-toc-btn-default ez-toc-toggle\" aria-label=\"Alternar tabela de conte\u00fado\"><span class=\"ez-toc-js-icon-con\"><span class=\"\"><span class=\"eztoc-hide\" style=\"display:none;\">Toggle<\/span><span class=\"ez-toc-icon-toggle-span\"><svg style=\"fill: #999;color:#999\" xmlns=\"http:\/\/www.w3.org\/2000\/svg\" class=\"list-377408\" width=\"20px\" height=\"20px\" viewBox=\"0 0 24 24\" fill=\"none\"><path d=\"M6 6H4v2h2V6zm14 0H8v2h12V6zM4 11h2v2H4v-2zm16 0H8v2h12v-2zM4 16h2v2H4v-2zm16 0H8v2h12v-2z\" fill=\"currentColor\"><\/path><\/svg><svg style=\"fill: #999;color:#999\" class=\"arrow-unsorted-368013\" xmlns=\"http:\/\/www.w3.org\/2000\/svg\" width=\"10px\" height=\"10px\" viewBox=\"0 0 24 24\" version=\"1.2\" baseProfile=\"tiny\"><path d=\"M18.2 9.3l-6.2-6.3-6.2 6.3c-.2.2-.3.4-.3.7s.1.5.3.7c.2.2.4.3.7.3h11c.3 0 .5-.1.7-.3.2-.2.3-.5.3-.7s-.1-.5-.3-.7zM5.8 14.7l6.2 6.3 6.2-6.3c.2-.2.3-.5.3-.7s-.1-.5-.3-.7c-.2-.2-.4-.3-.7-.3h-11c-.3 0-.5.1-.7.3-.2.2-.3.5-.3.7s.1.5.3.7z\"\/><\/svg><\/span><\/span><\/span><\/a><\/span><\/div>\n<nav><ul class='ez-toc-list ez-toc-list-level-1 ' ><li class='ez-toc-page-1 ez-toc-heading-level-2'><a class=\"ez-toc-link ez-toc-heading-1\" href=\"https:\/\/www.vitraissantaterezinha.com.br\/blog\/como-o-vidro-mini-boreal-transforma-ambientes-com-privacidade-e-estilo\/#O_que_e_o_vidro_mini_boreal\" >O que \u00e9 o vidro mini boreal<\/a><\/li><li class='ez-toc-page-1 ez-toc-heading-level-2'><a class=\"ez-toc-link ez-toc-heading-2\" href=\"https:\/\/www.vitraissantaterezinha.com.br\/blog\/como-o-vidro-mini-boreal-transforma-ambientes-com-privacidade-e-estilo\/#As_principais_vantagens_do_vidro_mini_boreal\" >As principais vantagens do vidro mini boreal<\/a><\/li><li class='ez-toc-page-1 ez-toc-heading-level-2'><a class=\"ez-toc-link ez-toc-heading-3\" href=\"https:\/\/www.vitraissantaterezinha.com.br\/blog\/como-o-vidro-mini-boreal-transforma-ambientes-com-privacidade-e-estilo\/#Onde_usar_o_vidro_mini_boreal\" >Onde usar o vidro mini boreal<\/a><ul class='ez-toc-list-level-3' ><li class='ez-toc-heading-level-3'><a class=\"ez-toc-link ez-toc-heading-4\" href=\"https:\/\/www.vitraissantaterezinha.com.br\/blog\/como-o-vidro-mini-boreal-transforma-ambientes-com-privacidade-e-estilo\/#Banheiros_e_lavabos\" >Banheiros e lavabos<\/a><\/li><li class='ez-toc-page-1 ez-toc-heading-level-3'><a class=\"ez-toc-link ez-toc-heading-5\" href=\"https:\/\/www.vitraissantaterezinha.com.br\/blog\/como-o-vidro-mini-boreal-transforma-ambientes-com-privacidade-e-estilo\/#Portas_e_divisorias\" >Portas e divis\u00f3rias<\/a><\/li><li class='ez-toc-page-1 ez-toc-heading-level-3'><a class=\"ez-toc-link ez-toc-heading-6\" href=\"https:\/\/www.vitraissantaterezinha.com.br\/blog\/como-o-vidro-mini-boreal-transforma-ambientes-com-privacidade-e-estilo\/#Janelas\" >Janelas<\/a><\/li><li class='ez-toc-page-1 ez-toc-heading-level-3'><a class=\"ez-toc-link ez-toc-heading-7\" href=\"https:\/\/www.vitraissantaterezinha.com.br\/blog\/como-o-vidro-mini-boreal-transforma-ambientes-com-privacidade-e-estilo\/#Areas_comerciais\" >\u00c1reas comerciais<\/a><\/li><\/ul><\/li><li class='ez-toc-page-1 ez-toc-heading-level-2'><a class=\"ez-toc-link ez-toc-heading-8\" href=\"https:\/\/www.vitraissantaterezinha.com.br\/blog\/como-o-vidro-mini-boreal-transforma-ambientes-com-privacidade-e-estilo\/#Como_o_vidro_mini_boreal_valoriza_a_decoracao\" >Como o vidro mini boreal valoriza a decora\u00e7\u00e3o<\/a><\/li><li class='ez-toc-page-1 ez-toc-heading-level-2'><a class=\"ez-toc-link ez-toc-heading-9\" href=\"https:\/\/www.vitraissantaterezinha.com.br\/blog\/como-o-vidro-mini-boreal-transforma-ambientes-com-privacidade-e-estilo\/#Quanto_custa_o_vidro_mini_boreal_e_o_que_influencia_no_preco\" >Quanto custa o vidro mini boreal e o que influencia no pre\u00e7o<\/a><\/li><li class='ez-toc-page-1 ez-toc-heading-level-2'><a class=\"ez-toc-link ez-toc-heading-10\" href=\"https:\/\/www.vitraissantaterezinha.com.br\/blog\/como-o-vidro-mini-boreal-transforma-ambientes-com-privacidade-e-estilo\/#Onde_comprar_vidro_mini_boreal_com_instalacao_sob_medida\" >Onde comprar vidro mini boreal com instala\u00e7\u00e3o sob medida<\/a><\/li><li class='ez-toc-page-1 ez-toc-heading-level-2'><a class=\"ez-toc-link ez-toc-heading-11\" href=\"https:\/\/www.vitraissantaterezinha.com.br\/blog\/como-o-vidro-mini-boreal-transforma-ambientes-com-privacidade-e-estilo\/#O_vidro_mini_boreal_da_Vitrais_Santa_Terezinha\" >O vidro mini boreal da Vitrais Santa Terezinha<\/a><\/li><\/ul><\/nav><\/div>\n<h2 class=\"wp-block-heading\"><span class=\"ez-toc-section\" id=\"O_que_e_o_vidro_mini_boreal\"><\/span><strong>O que \u00e9 o vidro mini boreal<\/strong><span class=\"ez-toc-section-end\"><\/span><\/h2>\n\n\n\n<p class=\"wp-block-paragraph\">O vidro mini boreal \u00e9 um <strong>vidro impresso<\/strong> ou <strong>vidro texturizado<\/strong>, produzido com uma superf\u00edcie quadriculada em relevo. Esse acabamento tem duas fun\u00e7\u00f5es principais:<\/p>\n\n\n\n<ul class=\"wp-block-list\">\n<li><strong>Distorcer a vis\u00e3o<\/strong>, garantindo privacidade sem a necessidade de cortinas ou persianas;<br><\/li>\n\n\n\n<li><strong>Permitir a passagem de luz natural<\/strong>, evitando que o ambiente fique escuro.<br><\/li>\n<\/ul>\n\n\n\n<p class=\"wp-block-paragraph\">Trata-se de um <strong>vidro transl\u00facido<\/strong>, o que significa que ele n\u00e3o bloqueia completamente a vis\u00e3o, mas desfoca imagens, criando um efeito elegante e discreto. Essa caracter\u00edstica faz dele uma solu\u00e7\u00e3o ideal para quem deseja equilibrar <strong>claridade, beleza e conforto visual<\/strong>.<\/p>\n\n\n\n<ul class=\"wp-block-list\">\n<li><a href=\"https:\/\/www.vitraissantaterezinha.com.br\/blog\/index.php\/2025\/08\/22\/vidro-canelado-sofisticacao-e-privacidade-no-mesmo-projeto\/\">Vidro canelado: sofistica\u00e7\u00e3o e privacidade no mesmo projeto<\/a><\/li>\n<\/ul>\n\n\n\n<h2 class=\"wp-block-heading\"><span class=\"ez-toc-section\" id=\"As_principais_vantagens_do_vidro_mini_boreal\"><\/span><strong>As principais vantagens do vidro mini boreal<\/strong><span class=\"ez-toc-section-end\"><\/span><\/h2>\n\n\n\n<p class=\"wp-block-paragraph\">O <strong>vidro mini boreal<\/strong> se destaca por oferecer <strong>privacidade sem perda de luminosidade<\/strong>, j\u00e1 que sua textura difunde a luz natural, mas impede a vis\u00e3o n\u00edtida do outro lado. Isso faz dele uma solu\u00e7\u00e3o ideal para banheiros, portas e divis\u00f3rias.<\/p>\n\n\n\n<p class=\"wp-block-paragraph\">Outro ponto importante \u00e9 o <strong>estilo e sofistica\u00e7\u00e3o<\/strong> que o acabamento quadriculado proporciona. Ele funciona como um elemento decorativo, trazendo charme ao ambiente sem a necessidade de acess\u00f3rios adicionais.<\/p>\n\n\n\n<p class=\"wp-block-paragraph\">Sua <strong>versatilidade de aplica\u00e7\u00e3o<\/strong> tamb\u00e9m \u00e9 um diferencial, pois pode ser usado em resid\u00eancias, com\u00e9rcios e escrit\u00f3rios, sempre agregando funcionalidade e beleza.<\/p>\n\n\n\n<p class=\"wp-block-paragraph\">Al\u00e9m disso, o vidro mini boreal \u00e9 conhecido pela <strong>durabilidade e facilidade de manuten\u00e7\u00e3o<\/strong>, mantendo seu aspecto elegante por muitos anos.&nbsp;<\/p>\n\n\n\n<p class=\"wp-block-paragraph\">Por fim, apresenta um <strong>excelente custo-benef\u00edcio<\/strong>, j\u00e1 que substitui com efici\u00eancia cortinas e persianas, exigindo menos cuidados e oferecendo um resultado moderno e pr\u00e1tico.<\/p>\n\n\n\n<ul class=\"wp-block-list\">\n<li><a href=\"https:\/\/www.vitraissantaterezinha.com.br\/blog\/index.php\/2025\/08\/11\/vidro-para-janela-tipos-beneficios-e-como-acertar-na-escolha\/\">Vidro para janela: tipos, benef\u00edcios e como acertar na escolha<\/a><\/li>\n<\/ul>\n\n\n\n<h2 class=\"wp-block-heading\"><span class=\"ez-toc-section\" id=\"Onde_usar_o_vidro_mini_boreal\"><\/span><strong>Onde usar o vidro mini boreal<\/strong><span class=\"ez-toc-section-end\"><\/span><\/h2>\n\n\n\n<p class=\"wp-block-paragraph\">Esse material \u00e9 extremamente vers\u00e1til e pode ser aplicado em diferentes situa\u00e7\u00f5es. Veja alguns dos usos mais comuns:<\/p>\n\n\n\n<h3 class=\"wp-block-heading\"><span class=\"ez-toc-section\" id=\"Banheiros_e_lavabos\"><\/span><strong>Banheiros e lavabos<\/strong><span class=\"ez-toc-section-end\"><\/span><\/h3>\n\n\n\n<p class=\"wp-block-paragraph\">Muito usado em <strong>boxes de banheiro<\/strong> e janelas, o vidro mini boreal garante privacidade sem comprometer a ilumina\u00e7\u00e3o.<\/p>\n\n\n\n<h3 class=\"wp-block-heading\"><span class=\"ez-toc-section\" id=\"Portas_e_divisorias\"><\/span><strong>Portas e divis\u00f3rias<\/strong><span class=\"ez-toc-section-end\"><\/span><\/h3>\n\n\n\n<p class=\"wp-block-paragraph\">Em escrit\u00f3rios e resid\u00eancias, \u00e9 uma \u00f3tima op\u00e7\u00e3o para dividir ambientes de forma elegante, mantendo a sensa\u00e7\u00e3o de espa\u00e7o aberto.<\/p>\n\n\n\n<h3 class=\"wp-block-heading\"><span class=\"ez-toc-section\" id=\"Janelas\"><\/span><strong>Janelas<\/strong><span class=\"ez-toc-section-end\"><\/span><\/h3>\n\n\n\n<p class=\"wp-block-paragraph\">Al\u00e9m de proteger a privacidade, as janelas com vidro mini boreal ajudam a difundir a luz solar, criando uma ilumina\u00e7\u00e3o mais suave no ambiente.<\/p>\n\n\n\n<h3 class=\"wp-block-heading\"><span class=\"ez-toc-section\" id=\"Areas_comerciais\"><\/span><strong>\u00c1reas comerciais<\/strong><span class=\"ez-toc-section-end\"><\/span><\/h3>\n\n\n\n<p class=\"wp-block-paragraph\">Em vitrines, salas de reuni\u00e3o ou divis\u00f3rias de estabelecimentos, o vidro mini boreal transmite modernidade e sofistica\u00e7\u00e3o.<\/p>\n\n\n\n<h2 class=\"wp-block-heading\"><span class=\"ez-toc-section\" id=\"Como_o_vidro_mini_boreal_valoriza_a_decoracao\"><\/span><strong>Como o vidro mini boreal valoriza a decora\u00e7\u00e3o<\/strong><span class=\"ez-toc-section-end\"><\/span><\/h2>\n\n\n<div class=\"wp-block-image\">\n<figure class=\"alignright size-full is-resized\"><img loading=\"lazy\" decoding=\"async\" width=\"422\" height=\"570\" src=\"https:\/\/www.vitraissantaterezinha.com.br\/blog\/wp-content\/uploads\/2025\/09\/vidro3.jpg\" alt=\"Como o vidro mini boreal transforma ambientes com privacidade e estilo\" class=\"wp-image-83\" style=\"width:190px;height:auto\"\/><\/figure>\n<\/div>\n\n\n<p class=\"wp-block-paragraph\">Um dos diferenciais desse tipo de vidro \u00e9 sua capacidade de<strong> transformar a decora\u00e7\u00e3o de um espa\u00e7o<\/strong>. O padr\u00e3o quadriculado cria um efeito visual que foge do comum, tornando o ambiente mais interessante.<\/p>\n\n\n\n<p class=\"wp-block-paragraph\">Al\u00e9m disso, o vidro mini boreal pode ser combinado com outros materiais, como madeira e alum\u00ednio, compondo<strong> projetos modernos e elegantes<\/strong>. Sua apar\u00eancia neutra permite harmonizar com diferentes estilos de decora\u00e7\u00e3o, do cl\u00e1ssico ao contempor\u00e2neo.<\/p>\n\n\n\n<p class=\"wp-block-paragraph\">Outro ponto importante \u00e9 que ele contribui para a <strong>sensa\u00e7\u00e3o de amplitude<\/strong>, j\u00e1 que a passagem de luz natural torna os ambientes mais claros e convidativos.<\/p>\n\n\n\n<ul class=\"wp-block-list\">\n<li><a href=\"https:\/\/www.vitraissantaterezinha.com.br\/blog\/index.php\/2025\/07\/24\/vidro-temperado-10mm-seguranca-beleza-e-resistencia-em-um-unico-material\/\">Vidro temperado 10mm: seguran\u00e7a, beleza e resist\u00eancia em um \u00fanico material<\/a><\/li>\n<\/ul>\n\n\n\n<h2 class=\"wp-block-heading\"><span class=\"ez-toc-section\" id=\"Quanto_custa_o_vidro_mini_boreal_e_o_que_influencia_no_preco\"><\/span><strong>Quanto custa o vidro mini boreal e o que influencia no pre\u00e7o<\/strong><span class=\"ez-toc-section-end\"><\/span><\/h2>\n\n\n\n<p class=\"wp-block-paragraph\">O <strong>pre\u00e7o do vidro mini boreal<\/strong> pode variar de acordo com alguns fatores do projeto. Entre os principais est\u00e3o <strong>a espessura do vidro, as medidas da pe\u00e7a, o tipo de aplica\u00e7\u00e3o e a necessidade de acabamento ou instala\u00e7\u00e3o personalizada<\/strong>.<\/p>\n\n\n\n<p class=\"wp-block-paragraph\">Em projetos para <strong>janelas, portas, divis\u00f3rias ou boxes<\/strong>, o valor final tamb\u00e9m pode mudar conforme a estrutura que vai receber o vidro. <strong>Perfis de alum\u00ednio, ferragens e recortes espec\u00edficos<\/strong> costumam impactar no or\u00e7amento.<\/p>\n\n\n\n<p class=\"wp-block-paragraph\">Por isso, mais do que buscar apenas o menor pre\u00e7o, vale considerar <strong>a qualidade do material, a precis\u00e3o das medidas e a seguran\u00e7a na instala\u00e7\u00e3o<\/strong>. <strong>Um or\u00e7amento bem feito evita retrabalho<\/strong> e garante um resultado mais bonito e dur\u00e1vel no ambiente.<\/p>\n\n\n\n<p class=\"wp-block-paragraph\">Se a ideia \u00e9 encontrar uma solu\u00e7\u00e3o que una <strong>privacidade, est\u00e9tica e bom custo-benef\u00edcio<\/strong>, o ideal \u00e9 solicitar uma avalia\u00e7\u00e3o com <strong>uma vidra\u00e7aria especializada<\/strong>.<\/p>\n\n\n\n<h2 class=\"wp-block-heading\"><span class=\"ez-toc-section\" id=\"Onde_comprar_vidro_mini_boreal_com_instalacao_sob_medida\"><\/span><strong>Onde comprar vidro mini boreal com instala\u00e7\u00e3o sob medida<\/strong><span class=\"ez-toc-section-end\"><\/span><\/h2>\n\n\n\n<p class=\"wp-block-paragraph\">Na hora de comprar vidro mini boreal, <strong>escolher uma empresa especializada faz toda a diferen\u00e7a<\/strong>. Isso porque cada projeto tem necessidades pr\u00f3prias, seja para <strong>banheiro, porta interna, divis\u00f3ria comercial ou janela residencial<\/strong>.<\/p>\n\n\n\n<p class=\"wp-block-paragraph\">Uma vidra\u00e7aria experiente consegue orientar sobre <strong>o melhor uso do material, a espessura adequada e o acabamento mais alinhado ao ambiente<\/strong>. Esse cuidado \u00e9 importante tanto para <strong>a est\u00e9tica quanto para a funcionalidade<\/strong> da pe\u00e7a no dia a dia.<\/p>\n\n\n\n<p class=\"wp-block-paragraph\">Outro ponto essencial \u00e9 contar com <strong>medi\u00e7\u00e3o correta e instala\u00e7\u00e3o sob medida<\/strong>. Quando o servi\u00e7o \u00e9 feito por profissionais, <strong>o encaixe fica mais preciso, o acabamento mais limpo e o desempenho do vidro muito melhor no espa\u00e7o<\/strong>.<\/p>\n\n\n\n<p class=\"wp-block-paragraph\">Na <strong>Vitrais Santa Terezinha<\/strong>, voc\u00ea encontra <strong>atendimento personalizado<\/strong> para escolher o vidro mini boreal ideal para o seu projeto. Assim, fica mais f\u00e1cil transformar o ambiente com <strong>seguran\u00e7a, praticidade e um resultado alinhado ao que voc\u00ea procura<\/strong>.<\/p>\n\n\n\n<h2 class=\"wp-block-heading\"><span class=\"ez-toc-section\" id=\"O_vidro_mini_boreal_da_Vitrais_Santa_Terezinha\"><\/span><strong>O vidro mini boreal da Vitrais Santa Terezinha<\/strong><span class=\"ez-toc-section-end\"><\/span><\/h2>\n\n\n\n<p class=\"wp-block-paragraph\">Na <strong>Vitrais Santa Terezinha<\/strong>, oferecemos o <strong>vidro mini boreal<\/strong> como uma das nossas principais solu\u00e7\u00f5es para quem busca <strong>privacidade e estilo<\/strong>. Com mais de 45 anos de experi\u00eancia no setor vidreiro, atendemos <strong>resid\u00eancias, com\u00e9rcios e ind\u00fastrias<\/strong> em toda a Zona Norte de S\u00e3o Paulo.<\/p>\n\n\n\n<p class=\"wp-block-paragraph\">Al\u00e9m do mini boreal, trabalhamos com uma ampla linha de produtos:<\/p>\n\n\n\n<ul class=\"wp-block-list\">\n<li>Vidros comuns e temperados;<br><\/li>\n\n\n\n<li>Boxes para banheiros;<br><\/li>\n\n\n\n<li>Fechamentos de \u00e1reas de servi\u00e7o;<br><\/li>\n\n\n\n<li>Espelhos comuns e bisot\u00ea;<br><\/li>\n\n\n\n<li>Molduras para quadros e espelhos;<br><\/li>\n\n\n\n<li>Vidros de mesa;<br><\/li>\n\n\n\n<li>Janelas e portas de vidro;<br><\/li>\n\n\n\n<li>Vitrines e muito mais.<br><\/li>\n<\/ul>\n\n\n\n<p class=\"wp-block-paragraph\">Nosso compromisso \u00e9 oferecer <strong>qualidade, transpar\u00eancia e atendimento personalizado<\/strong>. Se voc\u00ea deseja transformar seu ambiente com vidro mini boreal, entre em contato conosco.<\/p>\n\n\n\n<p class=\"wp-block-paragraph\"><strong><a href=\"https:\/\/www.vitraissantaterezinha.com.br\/contato\">Solicite um or\u00e7amento sem compromisso<\/a>. Teremos prazer em atend\u00ea-lo e ajudar a dar mais privacidade e estilo ao seu espa\u00e7o.<\/strong><\/p>\n","protected":false},"excerpt":{"rendered":"<p><span class=\"span-reading-time rt-reading-time\" style=\"display: block;\"><span class=\"rt-label rt-prefix\">Tempo de leitura: <\/span> <span class=\"rt-time\"> 4<\/span> <span class=\"rt-label rt-postfix\">minutos<\/span><\/span>Descubra como o vidro mini boreal une privacidade, luz natural e design, transformando ambientes residenciais e comerciais com estilo \u00fanico. O vidro mini boreal vem ganhando espa\u00e7o em projetos de arquitetura e decora\u00e7\u00e3o por unir funcionalidade e est\u00e9tica. Esse tipo&#8230;<\/p>\n","protected":false},"author":1,"featured_media":83,"comment_status":"open","ping_status":"open","sticky":false,"template":"","format":"standard","meta":{"footnotes":""},"categories":[525],"tags":[556,558,544,548,545,554,535,541,557,530,547,534,555,569,553,549,570,551,552,577,550,563,568,560,559,546,538,533,571,573,572,567,562,566,574,575,576,561,537,564,532,526,531,565,527,536,539,528,529,540,543,542],"class_list":["post-82","post","type-post","status-publish","format-standard","has-post-thumbnail","hentry","category-vidro-mini-boreal","tag-como-limpar-vidro-mini-boreal","tag-loja-de-vidro-mini-boreal","tag-o-que-e-vidro-mini-boreal","tag-onde-usar-vidro-mini-boreal","tag-para-que-serve-o-vidro-mini-boreal","tag-quanto-custa-vidro-mini-boreal","tag-vidro-impresso-para-interiores","tag-vidro-mini-boreal-box","tag-vidro-mini-boreal-combina-com-madeira","tag-vidro-mini-boreal-decoracao","tag-vidro-mini-boreal-deixa-passar-luz","tag-vidro-mini-boreal-divisorias","tag-vidro-mini-boreal-e-resistente","tag-vidro-mini-boreal-em-anhanguera","tag-vidro-mini-boreal-em-areas-comerciais","tag-vidro-mini-boreal-em-banheiros","tag-vidro-mini-boreal-em-brasilandia","tag-vidro-mini-boreal-em-divisorias","tag-vidro-mini-boreal-em-janelas","tag-vidro-mini-boreal-em-perus","tag-vidro-mini-boreal-em-portas","tag-vidro-mini-boreal-em-promocao","tag-vidro-mini-boreal-em-santana","tag-vidro-mini-boreal-em-sao-paulo","tag-vidro-mini-boreal-em-sp","tag-vidro-mini-boreal-garante-privacidade","tag-vidro-mini-boreal-iluminacao","tag-vidro-mini-boreal-janelas","tag-vidro-mini-boreal-na-cachoeirinha","tag-vidro-mini-boreal-na-casa-verde","tag-vidro-mini-boreal-na-freguesia-do-o","tag-vidro-mini-boreal-na-vila-guilherme","tag-vidro-mini-boreal-na-vila-maria","tag-vidro-mini-boreal-na-vila-medeiros","tag-vidro-mini-boreal-no-jacana","tag-vidro-mini-boreal-no-jaragua","tag-vidro-mini-boreal-no-mandaqui","tag-vidro-mini-boreal-no-tucuruvi","tag-vidro-mini-boreal-onde-usar","tag-vidro-mini-boreal-perto-de-mim","tag-vidro-mini-boreal-portas","tag-vidro-mini-boreal-preco","tag-vidro-mini-boreal-privacidade","tag-vidro-mini-boreal-proximo-a-mim","tag-vidro-mini-boreal-sp","tag-vidro-mini-boreal-vantagens","tag-vidro-mini-boreal-zona-norte","tag-vidro-texturizado-quadriculado","tag-vidro-translucido-para-banheiro","tag-vidros-decorativos-sp","tag-vidros-para-residencias-sp","tag-vitrais-santa-terezinha-vidros"],"yoast_head":"<!-- This site is optimized with the Yoast SEO plugin v24.7 - https:\/\/yoast.com\/wordpress\/plugins\/seo\/ -->\n<title>Vidro mini boreal: quando e onde comprar - Blog<\/title>\n<meta name=\"description\" content=\"Descubra como o vidro mini boreal une privacidade, luz natural e design, transformando ambientes residenciais e comerciais com estilo \u00fanico.\" \/>\n<meta name=\"robots\" content=\"index, follow, max-snippet:-1, max-image-preview:large, max-video-preview:-1\" \/>\n<link rel=\"canonical\" href=\"https:\/\/www.vitraissantaterezinha.com.br\/blog\/como-o-vidro-mini-boreal-transforma-ambientes-com-privacidade-e-estilo\/\" \/>\n<meta property=\"og:locale\" content=\"pt_BR\" \/>\n<meta property=\"og:type\" content=\"article\" \/>\n<meta property=\"og:title\" content=\"Vidro mini boreal: quando e onde comprar - Blog\" \/>\n<meta property=\"og:description\" content=\"Descubra como o vidro mini boreal une privacidade, luz natural e design, transformando ambientes residenciais e comerciais com estilo \u00fanico.\" \/>\n<meta property=\"og:url\" content=\"https:\/\/www.vitraissantaterezinha.com.br\/blog\/como-o-vidro-mini-boreal-transforma-ambientes-com-privacidade-e-estilo\/\" \/>\n<meta property=\"og:site_name\" content=\"Blog\" \/>\n<meta property=\"article:published_time\" content=\"2026-07-21T20:02:11+00:00\" \/>\n<meta property=\"article:modified_time\" content=\"2026-07-21T20:02:12+00:00\" \/>\n<meta property=\"og:image\" content=\"https:\/\/www.vitraissantaterezinha.com.br\/blog\/wp-content\/uploads\/2025\/09\/vidro3.jpg\" \/>\n\t<meta property=\"og:image:width\" content=\"422\" \/>\n\t<meta property=\"og:image:height\" content=\"570\" \/>\n\t<meta property=\"og:image:type\" content=\"image\/jpeg\" \/>\n<meta name=\"author\" content=\"admin\" \/>\n<meta name=\"twitter:card\" content=\"summary_large_image\" \/>\n<meta name=\"twitter:label1\" content=\"Escrito por\" \/>\n\t<meta name=\"twitter:data1\" content=\"admin\" \/>\n\t<meta name=\"twitter:label2\" content=\"Est. tempo de leitura\" \/>\n\t<meta name=\"twitter:data2\" content=\"7 minutos\" \/>\n<script type=\"application\/ld+json\" class=\"yoast-schema-graph\">{\"@context\":\"https:\/\/schema.org\",\"@graph\":[{\"@type\":\"Article\",\"@id\":\"https:\/\/www.vitraissantaterezinha.com.br\/blog\/como-o-vidro-mini-boreal-transforma-ambientes-com-privacidade-e-estilo\/#article\",\"isPartOf\":{\"@id\":\"https:\/\/www.vitraissantaterezinha.com.br\/blog\/como-o-vidro-mini-boreal-transforma-ambientes-com-privacidade-e-estilo\/\"},\"author\":{\"name\":\"admin\",\"@id\":\"https:\/\/www.vitraissantaterezinha.com.br\/blog\/#\/schema\/person\/12ce63af1486ac9387c334f32d21eb74\"},\"headline\":\"Vidro mini boreal: quando e onde comprar\",\"datePublished\":\"2026-07-21T20:02:11+00:00\",\"dateModified\":\"2026-07-21T20:02:12+00:00\",\"mainEntityOfPage\":{\"@id\":\"https:\/\/www.vitraissantaterezinha.com.br\/blog\/como-o-vidro-mini-boreal-transforma-ambientes-com-privacidade-e-estilo\/\"},\"wordCount\":1149,\"commentCount\":0,\"publisher\":{\"@id\":\"https:\/\/www.vitraissantaterezinha.com.br\/blog\/#organization\"},\"image\":{\"@id\":\"https:\/\/www.vitraissantaterezinha.com.br\/blog\/como-o-vidro-mini-boreal-transforma-ambientes-com-privacidade-e-estilo\/#primaryimage\"},\"thumbnailUrl\":\"https:\/\/www.vitraissantaterezinha.com.br\/blog\/wp-content\/uploads\/2025\/09\/vidro3.jpg\",\"keywords\":[\"como limpar vidro mini boreal\",\"loja de vidro mini boreal\",\"o que \u00e9 vidro mini boreal\",\"onde usar vidro mini boreal\",\"para que serve o vidro mini boreal\",\"quanto custa vidro mini boreal\",\"vidro impresso para interiores\",\"vidro mini boreal box\",\"vidro mini boreal combina com madeira\",\"vidro mini boreal decora\u00e7\u00e3o\",\"vidro mini boreal deixa passar luz\",\"vidro mini boreal divis\u00f3rias\",\"vidro mini boreal \u00e9 resistente\",\"vidro mini boreal em Anhanguera\",\"vidro mini boreal em \u00e1reas comerciais\",\"vidro mini boreal em banheiros\",\"vidro mini boreal em Brasil\u00e2ndia\",\"vidro mini boreal em divis\u00f3rias\",\"vidro mini boreal em janelas\",\"vidro mini boreal em Perus\",\"vidro mini boreal em portas\",\"vidro mini boreal em promo\u00e7\u00e3o\",\"vidro mini boreal em Santana\",\"vidro mini boreal em s\u00e3o paulo\",\"vidro mini boreal em sp\",\"vidro mini boreal garante privacidade\",\"vidro mini boreal ilumina\u00e7\u00e3o\",\"vidro mini boreal janelas\",\"vidro mini boreal na Cachoeirinha\",\"vidro mini boreal na Casa Verde\",\"vidro mini boreal na Freguesia do \u00d3\",\"vidro mini boreal na Vila Guilherme\",\"vidro mini boreal na Vila Maria\",\"vidro mini boreal na Vila Medeiros\",\"vidro mini boreal no Ja\u00e7an\u00e3\",\"vidro mini boreal no Jaragu\u00e1\",\"vidro mini boreal no Mandaqui\",\"vidro mini boreal no Tucuruvi\",\"vidro mini boreal onde usar\",\"vidro mini boreal perto de mim\",\"vidro mini boreal portas\",\"vidro mini boreal pre\u00e7o\",\"vidro mini boreal privacidade\",\"vidro mini boreal pr\u00f3ximo a mim\",\"vidro mini boreal SP\",\"vidro mini boreal vantagens\",\"vidro mini boreal Zona Norte\",\"vidro texturizado quadriculado\",\"vidro transl\u00facido para banheiro\",\"vidros decorativos SP\",\"vidros para resid\u00eancias SP\",\"Vitrais Santa Terezinha vidros\"],\"articleSection\":[\"Vidro Mini Boreal\"],\"inLanguage\":\"pt-BR\",\"potentialAction\":[{\"@type\":\"CommentAction\",\"name\":\"Comment\",\"target\":[\"https:\/\/www.vitraissantaterezinha.com.br\/blog\/como-o-vidro-mini-boreal-transforma-ambientes-com-privacidade-e-estilo\/#respond\"]}]},{\"@type\":\"WebPage\",\"@id\":\"https:\/\/www.vitraissantaterezinha.com.br\/blog\/como-o-vidro-mini-boreal-transforma-ambientes-com-privacidade-e-estilo\/\",\"url\":\"https:\/\/www.vitraissantaterezinha.com.br\/blog\/como-o-vidro-mini-boreal-transforma-ambientes-com-privacidade-e-estilo\/\",\"name\":\"Vidro mini boreal: quando e onde comprar - Blog\",\"isPartOf\":{\"@id\":\"https:\/\/www.vitraissantaterezinha.com.br\/blog\/#website\"},\"primaryImageOfPage\":{\"@id\":\"https:\/\/www.vitraissantaterezinha.com.br\/blog\/como-o-vidro-mini-boreal-transforma-ambientes-com-privacidade-e-estilo\/#primaryimage\"},\"image\":{\"@id\":\"https:\/\/www.vitraissantaterezinha.com.br\/blog\/como-o-vidro-mini-boreal-transforma-ambientes-com-privacidade-e-estilo\/#primaryimage\"},\"thumbnailUrl\":\"https:\/\/www.vitraissantaterezinha.com.br\/blog\/wp-content\/uploads\/2025\/09\/vidro3.jpg\",\"datePublished\":\"2026-07-21T20:02:11+00:00\",\"dateModified\":\"2026-07-21T20:02:12+00:00\",\"description\":\"Descubra como o vidro mini boreal une privacidade, luz natural e design, transformando ambientes residenciais e comerciais com estilo \u00fanico.\",\"breadcrumb\":{\"@id\":\"https:\/\/www.vitraissantaterezinha.com.br\/blog\/como-o-vidro-mini-boreal-transforma-ambientes-com-privacidade-e-estilo\/#breadcrumb\"},\"inLanguage\":\"pt-BR\",\"potentialAction\":[{\"@type\":\"ReadAction\",\"target\":[\"https:\/\/www.vitraissantaterezinha.com.br\/blog\/como-o-vidro-mini-boreal-transforma-ambientes-com-privacidade-e-estilo\/\"]}]},{\"@type\":\"ImageObject\",\"inLanguage\":\"pt-BR\",\"@id\":\"https:\/\/www.vitraissantaterezinha.com.br\/blog\/como-o-vidro-mini-boreal-transforma-ambientes-com-privacidade-e-estilo\/#primaryimage\",\"url\":\"https:\/\/www.vitraissantaterezinha.com.br\/blog\/wp-content\/uploads\/2025\/09\/vidro3.jpg\",\"contentUrl\":\"https:\/\/www.vitraissantaterezinha.com.br\/blog\/wp-content\/uploads\/2025\/09\/vidro3.jpg\",\"width\":422,\"height\":570,\"caption\":\"Como o vidro mini boreal transforma ambientes com privacidade e estilo\"},{\"@type\":\"BreadcrumbList\",\"@id\":\"https:\/\/www.vitraissantaterezinha.com.br\/blog\/como-o-vidro-mini-boreal-transforma-ambientes-com-privacidade-e-estilo\/#breadcrumb\",\"itemListElement\":[{\"@type\":\"ListItem\",\"position\":1,\"name\":\"In\u00edcio\",\"item\":\"https:\/\/www.vitraissantaterezinha.com.br\/blog\/\"},{\"@type\":\"ListItem\",\"position\":2,\"name\":\"Vidro mini boreal: quando e onde comprar\"}]},{\"@type\":\"WebSite\",\"@id\":\"https:\/\/www.vitraissantaterezinha.com.br\/blog\/#website\",\"url\":\"https:\/\/www.vitraissantaterezinha.com.br\/blog\/\",\"name\":\"Blog\",\"description\":\"\",\"publisher\":{\"@id\":\"https:\/\/www.vitraissantaterezinha.com.br\/blog\/#organization\"},\"potentialAction\":[{\"@type\":\"SearchAction\",\"target\":{\"@type\":\"EntryPoint\",\"urlTemplate\":\"https:\/\/www.vitraissantaterezinha.com.br\/blog\/?s={search_term_string}\"},\"query-input\":{\"@type\":\"PropertyValueSpecification\",\"valueRequired\":true,\"valueName\":\"search_term_string\"}}],\"inLanguage\":\"pt-BR\"},{\"@type\":\"Organization\",\"@id\":\"https:\/\/www.vitraissantaterezinha.com.br\/blog\/#organization\",\"name\":\"Blog\",\"url\":\"https:\/\/www.vitraissantaterezinha.com.br\/blog\/\",\"logo\":{\"@type\":\"ImageObject\",\"inLanguage\":\"pt-BR\",\"@id\":\"https:\/\/www.vitraissantaterezinha.com.br\/blog\/#\/schema\/logo\/image\/\",\"url\":\"https:\/\/www.vitraissantaterezinha.com.br\/blog\/wp-content\/uploads\/2025\/03\/logo.png\",\"contentUrl\":\"https:\/\/www.vitraissantaterezinha.com.br\/blog\/wp-content\/uploads\/2025\/03\/logo.png\",\"width\":398,\"height\":136,\"caption\":\"Blog\"},\"image\":{\"@id\":\"https:\/\/www.vitraissantaterezinha.com.br\/blog\/#\/schema\/logo\/image\/\"}},{\"@type\":\"Person\",\"@id\":\"https:\/\/www.vitraissantaterezinha.com.br\/blog\/#\/schema\/person\/12ce63af1486ac9387c334f32d21eb74\",\"name\":\"admin\",\"image\":{\"@type\":\"ImageObject\",\"inLanguage\":\"pt-BR\",\"@id\":\"https:\/\/www.vitraissantaterezinha.com.br\/blog\/#\/schema\/person\/image\/\",\"url\":\"https:\/\/secure.gravatar.com\/avatar\/d2abb7e535a7590a6f9b76c75c90ec5441db3a04a205e6d66ecabfb80081f172?s=96&d=mm&r=g\",\"contentUrl\":\"https:\/\/secure.gravatar.com\/avatar\/d2abb7e535a7590a6f9b76c75c90ec5441db3a04a205e6d66ecabfb80081f172?s=96&d=mm&r=g\",\"caption\":\"admin\"},\"sameAs\":[\"https:\/\/www.vitraissantaterezinha.com.br\/blog\"],\"url\":\"https:\/\/www.vitraissantaterezinha.com.br\/blog\/author\/admin\/\"}]}<\/script>\n<!-- \/ Yoast SEO plugin. -->","yoast_head_json":{"title":"Vidro mini boreal: quando e onde comprar - Blog","description":"Descubra como o vidro mini boreal une privacidade, luz natural e design, transformando ambientes residenciais e comerciais com estilo \u00fanico.","robots":{"index":"index","follow":"follow","max-snippet":"max-snippet:-1","max-image-preview":"max-image-preview:large","max-video-preview":"max-video-preview:-1"},"canonical":"https:\/\/www.vitraissantaterezinha.com.br\/blog\/como-o-vidro-mini-boreal-transforma-ambientes-com-privacidade-e-estilo\/","og_locale":"pt_BR","og_type":"article","og_title":"Vidro mini boreal: quando e onde comprar - Blog","og_description":"Descubra como o vidro mini boreal une privacidade, luz natural e design, transformando ambientes residenciais e comerciais com estilo \u00fanico.","og_url":"https:\/\/www.vitraissantaterezinha.com.br\/blog\/como-o-vidro-mini-boreal-transforma-ambientes-com-privacidade-e-estilo\/","og_site_name":"Blog","article_published_time":"2026-07-21T20:02:11+00:00","article_modified_time":"2026-07-21T20:02:12+00:00","og_image":[{"width":422,"height":570,"url":"https:\/\/www.vitraissantaterezinha.com.br\/blog\/wp-content\/uploads\/2025\/09\/vidro3.jpg","type":"image\/jpeg"}],"author":"admin","twitter_card":"summary_large_image","twitter_misc":{"Escrito por":"admin","Est. tempo de leitura":"7 minutos"},"schema":{"@context":"https:\/\/schema.org","@graph":[{"@type":"Article","@id":"https:\/\/www.vitraissantaterezinha.com.br\/blog\/como-o-vidro-mini-boreal-transforma-ambientes-com-privacidade-e-estilo\/#article","isPartOf":{"@id":"https:\/\/www.vitraissantaterezinha.com.br\/blog\/como-o-vidro-mini-boreal-transforma-ambientes-com-privacidade-e-estilo\/"},"author":{"name":"admin","@id":"https:\/\/www.vitraissantaterezinha.com.br\/blog\/#\/schema\/person\/12ce63af1486ac9387c334f32d21eb74"},"headline":"Vidro mini boreal: quando e onde comprar","datePublished":"2026-07-21T20:02:11+00:00","dateModified":"2026-07-21T20:02:12+00:00","mainEntityOfPage":{"@id":"https:\/\/www.vitraissantaterezinha.com.br\/blog\/como-o-vidro-mini-boreal-transforma-ambientes-com-privacidade-e-estilo\/"},"wordCount":1149,"commentCount":0,"publisher":{"@id":"https:\/\/www.vitraissantaterezinha.com.br\/blog\/#organization"},"image":{"@id":"https:\/\/www.vitraissantaterezinha.com.br\/blog\/como-o-vidro-mini-boreal-transforma-ambientes-com-privacidade-e-estilo\/#primaryimage"},"thumbnailUrl":"https:\/\/www.vitraissantaterezinha.com.br\/blog\/wp-content\/uploads\/2025\/09\/vidro3.jpg","keywords":["como limpar vidro mini boreal","loja de vidro mini boreal","o que \u00e9 vidro mini boreal","onde usar vidro mini boreal","para que serve o vidro mini boreal","quanto custa vidro mini boreal","vidro impresso para interiores","vidro mini boreal box","vidro mini boreal combina com madeira","vidro mini boreal decora\u00e7\u00e3o","vidro mini boreal deixa passar luz","vidro mini boreal divis\u00f3rias","vidro mini boreal \u00e9 resistente","vidro mini boreal em Anhanguera","vidro mini boreal em \u00e1reas comerciais","vidro mini boreal em banheiros","vidro mini boreal em Brasil\u00e2ndia","vidro mini boreal em divis\u00f3rias","vidro mini boreal em janelas","vidro mini boreal em Perus","vidro mini boreal em portas","vidro mini boreal em promo\u00e7\u00e3o","vidro mini boreal em Santana","vidro mini boreal em s\u00e3o paulo","vidro mini boreal em sp","vidro mini boreal garante privacidade","vidro mini boreal ilumina\u00e7\u00e3o","vidro mini boreal janelas","vidro mini boreal na Cachoeirinha","vidro mini boreal na Casa Verde","vidro mini boreal na Freguesia do \u00d3","vidro mini boreal na Vila Guilherme","vidro mini boreal na Vila Maria","vidro mini boreal na Vila Medeiros","vidro mini boreal no Ja\u00e7an\u00e3","vidro mini boreal no Jaragu\u00e1","vidro mini boreal no Mandaqui","vidro mini boreal no Tucuruvi","vidro mini boreal onde usar","vidro mini boreal perto de mim","vidro mini boreal portas","vidro mini boreal pre\u00e7o","vidro mini boreal privacidade","vidro mini boreal pr\u00f3ximo a mim","vidro mini boreal SP","vidro mini boreal vantagens","vidro mini boreal Zona Norte","vidro texturizado quadriculado","vidro transl\u00facido para banheiro","vidros decorativos SP","vidros para resid\u00eancias SP","Vitrais Santa Terezinha vidros"],"articleSection":["Vidro Mini Boreal"],"inLanguage":"pt-BR","potentialAction":[{"@type":"CommentAction","name":"Comment","target":["https:\/\/www.vitraissantaterezinha.com.br\/blog\/como-o-vidro-mini-boreal-transforma-ambientes-com-privacidade-e-estilo\/#respond"]}]},{"@type":"WebPage","@id":"https:\/\/www.vitraissantaterezinha.com.br\/blog\/como-o-vidro-mini-boreal-transforma-ambientes-com-privacidade-e-estilo\/","url":"https:\/\/www.vitraissantaterezinha.com.br\/blog\/como-o-vidro-mini-boreal-transforma-ambientes-com-privacidade-e-estilo\/","name":"Vidro mini boreal: quando e onde comprar - Blog","isPartOf":{"@id":"https:\/\/www.vitraissantaterezinha.com.br\/blog\/#website"},"primaryImageOfPage":{"@id":"https:\/\/www.vitraissantaterezinha.com.br\/blog\/como-o-vidro-mini-boreal-transforma-ambientes-com-privacidade-e-estilo\/#primaryimage"},"image":{"@id":"https:\/\/www.vitraissantaterezinha.com.br\/blog\/como-o-vidro-mini-boreal-transforma-ambientes-com-privacidade-e-estilo\/#primaryimage"},"thumbnailUrl":"https:\/\/www.vitraissantaterezinha.com.br\/blog\/wp-content\/uploads\/2025\/09\/vidro3.jpg","datePublished":"2026-07-21T20:02:11+00:00","dateModified":"2026-07-21T20:02:12+00:00","description":"Descubra como o vidro mini boreal une privacidade, luz natural e design, transformando ambientes residenciais e comerciais com estilo \u00fanico.","breadcrumb":{"@id":"https:\/\/www.vitraissantaterezinha.com.br\/blog\/como-o-vidro-mini-boreal-transforma-ambientes-com-privacidade-e-estilo\/#breadcrumb"},"inLanguage":"pt-BR","potentialAction":[{"@type":"ReadAction","target":["https:\/\/www.vitraissantaterezinha.com.br\/blog\/como-o-vidro-mini-boreal-transforma-ambientes-com-privacidade-e-estilo\/"]}]},{"@type":"ImageObject","inLanguage":"pt-BR","@id":"https:\/\/www.vitraissantaterezinha.com.br\/blog\/como-o-vidro-mini-boreal-transforma-ambientes-com-privacidade-e-estilo\/#primaryimage","url":"https:\/\/www.vitraissantaterezinha.com.br\/blog\/wp-content\/uploads\/2025\/09\/vidro3.jpg","contentUrl":"https:\/\/www.vitraissantaterezinha.com.br\/blog\/wp-content\/uploads\/2025\/09\/vidro3.jpg","width":422,"height":570,"caption":"Como o vidro mini boreal transforma ambientes com privacidade e estilo"},{"@type":"BreadcrumbList","@id":"https:\/\/www.vitraissantaterezinha.com.br\/blog\/como-o-vidro-mini-boreal-transforma-ambientes-com-privacidade-e-estilo\/#breadcrumb","itemListElement":[{"@type":"ListItem","position":1,"name":"In\u00edcio","item":"https:\/\/www.vitraissantaterezinha.com.br\/blog\/"},{"@type":"ListItem","position":2,"name":"Vidro mini boreal: quando e onde comprar"}]},{"@type":"WebSite","@id":"https:\/\/www.vitraissantaterezinha.com.br\/blog\/#website","url":"https:\/\/www.vitraissantaterezinha.com.br\/blog\/","name":"Blog","description":"","publisher":{"@id":"https:\/\/www.vitraissantaterezinha.com.br\/blog\/#organization"},"potentialAction":[{"@type":"SearchAction","target":{"@type":"EntryPoint","urlTemplate":"https:\/\/www.vitraissantaterezinha.com.br\/blog\/?s={search_term_string}"},"query-input":{"@type":"PropertyValueSpecification","valueRequired":true,"valueName":"search_term_string"}}],"inLanguage":"pt-BR"},{"@type":"Organization","@id":"https:\/\/www.vitraissantaterezinha.com.br\/blog\/#organization","name":"Blog","url":"https:\/\/www.vitraissantaterezinha.com.br\/blog\/","logo":{"@type":"ImageObject","inLanguage":"pt-BR","@id":"https:\/\/www.vitraissantaterezinha.com.br\/blog\/#\/schema\/logo\/image\/","url":"https:\/\/www.vitraissantaterezinha.com.br\/blog\/wp-content\/uploads\/2025\/03\/logo.png","contentUrl":"https:\/\/www.vitraissantaterezinha.com.br\/blog\/wp-content\/uploads\/2025\/03\/logo.png","width":398,"height":136,"caption":"Blog"},"image":{"@id":"https:\/\/www.vitraissantaterezinha.com.br\/blog\/#\/schema\/logo\/image\/"}},{"@type":"Person","@id":"https:\/\/www.vitraissantaterezinha.com.br\/blog\/#\/schema\/person\/12ce63af1486ac9387c334f32d21eb74","name":"admin","image":{"@type":"ImageObject","inLanguage":"pt-BR","@id":"https:\/\/www.vitraissantaterezinha.com.br\/blog\/#\/schema\/person\/image\/","url":"https:\/\/secure.gravatar.com\/avatar\/d2abb7e535a7590a6f9b76c75c90ec5441db3a04a205e6d66ecabfb80081f172?s=96&d=mm&r=g","contentUrl":"https:\/\/secure.gravatar.com\/avatar\/d2abb7e535a7590a6f9b76c75c90ec5441db3a04a205e6d66ecabfb80081f172?s=96&d=mm&r=g","caption":"admin"},"sameAs":["https:\/\/www.vitraissantaterezinha.com.br\/blog"],"url":"https:\/\/www.vitraissantaterezinha.com.br\/blog\/author\/admin\/"}]}},"_links":{"self":[{"href":"https:\/\/www.vitraissantaterezinha.com.br\/blog\/wp-json\/wp\/v2\/posts\/82","targetHints":{"allow":["GET"]}}],"collection":[{"href":"https:\/\/www.vitraissantaterezinha.com.br\/blog\/wp-json\/wp\/v2\/posts"}],"about":[{"href":"https:\/\/www.vitraissantaterezinha.com.br\/blog\/wp-json\/wp\/v2\/types\/post"}],"author":[{"embeddable":true,"href":"https:\/\/www.vitraissantaterezinha.com.br\/blog\/wp-json\/wp\/v2\/users\/1"}],"replies":[{"embeddable":true,"href":"https:\/\/www.vitraissantaterezinha.com.br\/blog\/wp-json\/wp\/v2\/comments?post=82"}],"version-history":[{"count":2,"href":"https:\/\/www.vitraissantaterezinha.com.br\/blog\/wp-json\/wp\/v2\/posts\/82\/revisions"}],"predecessor-version":[{"id":169,"href":"https:\/\/www.vitraissantaterezinha.com.br\/blog\/wp-json\/wp\/v2\/posts\/82\/revisions\/169"}],"wp:featuredmedia":[{"embeddable":true,"href":"https:\/\/www.vitraissantaterezinha.com.br\/blog\/wp-json\/wp\/v2\/media\/83"}],"wp:attachment":[{"href":"https:\/\/www.vitraissantaterezinha.com.br\/blog\/wp-json\/wp\/v2\/media?parent=82"}],"wp:term":[{"taxonomy":"category","embeddable":true,"href":"https:\/\/www.vitraissantaterezinha.com.br\/blog\/wp-json\/wp\/v2\/categories?post=82"},{"taxonomy":"post_tag","embeddable":true,"href":"https:\/\/www.vitraissantaterezinha.com.br\/blog\/wp-json\/wp\/v2\/tags?post=82"}],"curies":[{"name":"wp","href":"https:\/\/api.w.org\/{rel}","templated":true}]}}