{"id":128,"date":"2026-02-10T16:31:57","date_gmt":"2026-02-10T19:31:57","guid":{"rendered":"https:\/\/www.vitraissantaterezinha.com.br\/blog\/?p=128"},"modified":"2026-02-10T16:35:09","modified_gmt":"2026-02-10T19:35:09","slug":"porta-de-correr-vidro-incolor-o-investimento-que-transforma-seu-ambiente","status":"publish","type":"post","link":"https:\/\/www.vitraissantaterezinha.com.br\/blog\/porta-de-correr-vidro-incolor-o-investimento-que-transforma-seu-ambiente\/","title":{"rendered":"Porta de correr vidro incolor: o investimento que transforma seu ambiente"},"content":{"rendered":"<span class=\"span-reading-time rt-reading-time\" style=\"display: block;\"><span class=\"rt-label rt-prefix\">Tempo de leitura: <\/span> <span class=\"rt-time\"> 4<\/span> <span class=\"rt-label rt-postfix\">minutos<\/span><\/span>\n<p class=\"has-medium-font-size wp-block-paragraph\"><strong><em>Porta de correr vidro incolor \u00e9 a escolha ideal para quem busca amplitude, eleg\u00e2ncia e funcionalidade em diferentes ambientes.<\/em><\/strong><\/p>\n\n\n\n<p class=\"wp-block-paragraph\">A <strong>porta de correr vidro incolor<\/strong> se tornou um s\u00edmbolo de modernidade, eleg\u00e2ncia e praticidade. Em projetos residenciais ou comerciais, ela \u00e9 capaz de <strong>transformar completamente o ambiente<\/strong>, trazendo sensa\u00e7\u00e3o de amplitude e integra\u00e7\u00e3o entre os espa\u00e7os.<\/p>\n\n\n\n<p class=\"wp-block-paragraph\">O vidro incolor oferece uma est\u00e9tica limpa, leve e atemporal \u2014 um tipo de acabamento que nunca sai de moda. Por isso, cada vez mais arquitetos, decoradores e propriet\u00e1rios escolhem esse modelo para criar <strong>ambientes sofisticados, funcionais e cheios de luz natural<\/strong>.<\/p>\n\n\n\n<p class=\"wp-block-paragraph\">Al\u00e9m do design, h\u00e1 uma quest\u00e3o de <strong>funcionalidade e economia de espa\u00e7o<\/strong>: o sistema de correr dispensa o giro da folha tradicional, o que permite aproveitar cada cent\u00edmetro do c\u00f4modo sem interferir na circula\u00e7\u00e3o.<\/p>\n\n\n\n<div id=\"ez-toc-container\" class=\"ez-toc-v2_0_75 counter-hierarchy ez-toc-counter ez-toc-grey ez-toc-container-direction\">\n<div class=\"ez-toc-title-container\">\n<p class=\"ez-toc-title\" style=\"cursor:inherit\">O que abordaremos neste artigo:<\/p>\n<span class=\"ez-toc-title-toggle\"><a href=\"#\" class=\"ez-toc-pull-right ez-toc-btn ez-toc-btn-xs ez-toc-btn-default ez-toc-toggle\" aria-label=\"Alternar tabela de conte\u00fado\"><span class=\"ez-toc-js-icon-con\"><span class=\"\"><span class=\"eztoc-hide\" style=\"display:none;\">Toggle<\/span><span class=\"ez-toc-icon-toggle-span\"><svg style=\"fill: #999;color:#999\" xmlns=\"http:\/\/www.w3.org\/2000\/svg\" class=\"list-377408\" width=\"20px\" height=\"20px\" viewBox=\"0 0 24 24\" fill=\"none\"><path d=\"M6 6H4v2h2V6zm14 0H8v2h12V6zM4 11h2v2H4v-2zm16 0H8v2h12v-2zM4 16h2v2H4v-2zm16 0H8v2h12v-2z\" fill=\"currentColor\"><\/path><\/svg><svg style=\"fill: #999;color:#999\" class=\"arrow-unsorted-368013\" xmlns=\"http:\/\/www.w3.org\/2000\/svg\" width=\"10px\" height=\"10px\" viewBox=\"0 0 24 24\" version=\"1.2\" baseProfile=\"tiny\"><path d=\"M18.2 9.3l-6.2-6.3-6.2 6.3c-.2.2-.3.4-.3.7s.1.5.3.7c.2.2.4.3.7.3h11c.3 0 .5-.1.7-.3.2-.2.3-.5.3-.7s-.1-.5-.3-.7zM5.8 14.7l6.2 6.3 6.2-6.3c.2-.2.3-.5.3-.7s-.1-.5-.3-.7c-.2-.2-.4-.3-.7-.3h-11c-.3 0-.5.1-.7.3-.2.2-.3.5-.3.7s.1.5.3.7z\"\/><\/svg><\/span><\/span><\/span><\/a><\/span><\/div>\n<nav><ul class='ez-toc-list ez-toc-list-level-1 ' ><li class='ez-toc-page-1 ez-toc-heading-level-2'><a class=\"ez-toc-link ez-toc-heading-1\" href=\"https:\/\/www.vitraissantaterezinha.com.br\/blog\/porta-de-correr-vidro-incolor-o-investimento-que-transforma-seu-ambiente\/#Iluminacao_e_amplitude_os_maiores_diferenciais\" >Ilumina\u00e7\u00e3o e amplitude: os maiores diferenciais<\/a><\/li><li class='ez-toc-page-1 ez-toc-heading-level-2'><a class=\"ez-toc-link ez-toc-heading-2\" href=\"https:\/\/www.vitraissantaterezinha.com.br\/blog\/porta-de-correr-vidro-incolor-o-investimento-que-transforma-seu-ambiente\/#Versatilidade_para_diferentes_ambientes\" >Versatilidade para diferentes ambientes<\/a><\/li><li class='ez-toc-page-1 ez-toc-heading-level-2'><a class=\"ez-toc-link ez-toc-heading-3\" href=\"https:\/\/www.vitraissantaterezinha.com.br\/blog\/porta-de-correr-vidro-incolor-o-investimento-que-transforma-seu-ambiente\/#Durabilidade_e_seguranca\" >Durabilidade e seguran\u00e7a<\/a><\/li><li class='ez-toc-page-1 ez-toc-heading-level-2'><a class=\"ez-toc-link ez-toc-heading-4\" href=\"https:\/\/www.vitraissantaterezinha.com.br\/blog\/porta-de-correr-vidro-incolor-o-investimento-que-transforma-seu-ambiente\/#Design_atemporal_e_integracao_com_a_decoracao\" >Design atemporal e integra\u00e7\u00e3o com a decora\u00e7\u00e3o<\/a><\/li><li class='ez-toc-page-1 ez-toc-heading-level-2'><a class=\"ez-toc-link ez-toc-heading-5\" href=\"https:\/\/www.vitraissantaterezinha.com.br\/blog\/porta-de-correr-vidro-incolor-o-investimento-que-transforma-seu-ambiente\/#Facilidade_de_limpeza_e_manutencao\" >Facilidade de limpeza e manuten\u00e7\u00e3o<\/a><\/li><li class='ez-toc-page-1 ez-toc-heading-level-2'><a class=\"ez-toc-link ez-toc-heading-6\" href=\"https:\/\/www.vitraissantaterezinha.com.br\/blog\/porta-de-correr-vidro-incolor-o-investimento-que-transforma-seu-ambiente\/#Sustentabilidade_e_conforto_termico\" >Sustentabilidade e conforto t\u00e9rmico<\/a><\/li><li class='ez-toc-page-1 ez-toc-heading-level-2'><a class=\"ez-toc-link ez-toc-heading-7\" href=\"https:\/\/www.vitraissantaterezinha.com.br\/blog\/porta-de-correr-vidro-incolor-o-investimento-que-transforma-seu-ambiente\/#Um_investimento_que_valoriza_o_imovel\" >Um investimento que valoriza o im\u00f3vel<\/a><\/li><li class='ez-toc-page-1 ez-toc-heading-level-2'><a class=\"ez-toc-link ez-toc-heading-8\" href=\"https:\/\/www.vitraissantaterezinha.com.br\/blog\/porta-de-correr-vidro-incolor-o-investimento-que-transforma-seu-ambiente\/#Porta_de_correr_vidro_incolor_da_Vitrais_Santa_Terezinha\" >Porta de correr vidro incolor da Vitrais Santa Terezinha<\/a><\/li><\/ul><\/nav><\/div>\n<h2 class=\"wp-block-heading\"><span class=\"ez-toc-section\" id=\"Iluminacao_e_amplitude_os_maiores_diferenciais\"><\/span><strong>Ilumina\u00e7\u00e3o e amplitude: os maiores diferenciais<\/strong><span class=\"ez-toc-section-end\"><\/span><\/h2>\n\n\n\n<p class=\"wp-block-paragraph\">Um dos principais motivos que tornam a <strong>porta de correr vidro incolor<\/strong> um verdadeiro investimento \u00e9 sua capacidade de <strong>valorizar a ilumina\u00e7\u00e3o natural<\/strong>. Em ambientes como salas e varandas, o vidro transparente cria uma transi\u00e7\u00e3o suave entre o interior e o exterior, sem bloquear a entrada de luz.<\/p>\n\n\n\n<p class=\"wp-block-paragraph\">Isso n\u00e3o s\u00f3 melhora a est\u00e9tica do espa\u00e7o, mas tamb\u00e9m contribui para o bem-estar dos moradores. A luz natural traz sensa\u00e7\u00e3o de conforto e reduz a necessidade de ilumina\u00e7\u00e3o artificial durante o dia \u2014 o que representa <strong>economia de energia e mais sustentabilidade<\/strong>.<\/p>\n\n\n\n<p class=\"wp-block-paragraph\">Al\u00e9m disso, o vidro incolor <strong>amplia visualmente os ambientes<\/strong>, criando a impress\u00e3o de que eles s\u00e3o maiores e mais integrados. \u00c9 a escolha ideal para quem vive em apartamentos compactos ou quer transformar espa\u00e7os pequenos em \u00e1reas mais abertas e aconchegantes.<\/p>\n\n\n\n<ul class=\"wp-block-list\">\n<li><a href=\"https:\/\/www.vitraissantaterezinha.com.br\/blog\/index.php\/2026\/01\/12\/onde-comprar-janela-de-correr-em-vidro-temperado-com-melhor-custo-beneficio\/\">Onde comprar janela de correr em vidro temperado com melhor custo-benef\u00edcio<\/a><\/li>\n<\/ul>\n\n\n\n<h2 class=\"wp-block-heading\"><span class=\"ez-toc-section\" id=\"Versatilidade_para_diferentes_ambientes\"><\/span><strong>Versatilidade para diferentes ambientes<\/strong><span class=\"ez-toc-section-end\"><\/span><\/h2>\n\n\n\n<p class=\"wp-block-paragraph\">A <strong>porta de correr vidro incolor<\/strong> \u00e9 extremamente vers\u00e1til e se adapta a diferentes tipos de projetos. Ela pode ser utilizada em:<\/p>\n\n\n\n<ul class=\"wp-block-list\">\n<li><strong>Salas de estar<\/strong>, para integrar ambientes sem perder a privacidade;<br><\/li>\n\n\n\n<li><strong>Varandas e sacadas<\/strong>, permitindo a entrada de luz e ventila\u00e7\u00e3o;<br><\/li>\n\n\n\n<li><strong>Cozinhas<\/strong>, criando divis\u00f3rias leves entre ambientes funcionais;<br><\/li>\n\n\n\n<li><strong>Divis\u00f3rias internas<\/strong>, separando c\u00f4modos de maneira elegante e moderna.<br><\/li>\n<\/ul>\n\n\n\n<p class=\"wp-block-paragraph\">Independentemente do local, o resultado \u00e9 sempre o mesmo: <strong>um ambiente mais leve, iluminado e com est\u00e9tica contempor\u00e2nea<\/strong>.<\/p>\n\n\n\n<h2 class=\"wp-block-heading\"><span class=\"ez-toc-section\" id=\"Durabilidade_e_seguranca\"><\/span><strong>Durabilidade e seguran\u00e7a<\/strong><span class=\"ez-toc-section-end\"><\/span><\/h2>\n\n\n<div class=\"wp-block-image\">\n<figure class=\"alignright size-full is-resized\"><img loading=\"lazy\" decoding=\"async\" width=\"1038\" height=\"1420\" src=\"https:\/\/www.vitraissantaterezinha.com.br\/blog\/wp-content\/uploads\/2026\/02\/porta-incolor-temperada-de-correr.jpg\" alt=\"Porta de correr vidro incolor: o investimento que transforma seu ambiente\n\" class=\"wp-image-130\" style=\"aspect-ratio:0.730990971391276;width:236px;height:auto\"\/><\/figure>\n<\/div>\n\n\n<p class=\"wp-block-paragraph\">Embora o vidro transmita uma sensa\u00e7\u00e3o de delicadeza, a <strong>porta de correr vidro incolor<\/strong> \u00e9 fabricada com materiais de alta resist\u00eancia \u2014 geralmente <strong>vidro temperado<\/strong> ou laminado. Esses tipos de vidro s\u00e3o at\u00e9 cinco vezes mais fortes que o vidro comum, suportando impactos e mudan\u00e7as de temperatura.<\/p>\n\n\n\n<p class=\"wp-block-paragraph\">Al\u00e9m da resist\u00eancia, esse modelo conta com <strong>trilhos e ferragens de alta qualidade<\/strong>, garantindo um deslizamento suave e silencioso. Assim, o sistema mant\u00e9m o desempenho por muitos anos, sem necessidade de manuten\u00e7\u00e3o constante.<\/p>\n\n\n\n<p class=\"wp-block-paragraph\">Outro ponto importante \u00e9 a <strong>seguran\u00e7a<\/strong>. Em caso de quebra, o vidro temperado se fragmenta em pequenos peda\u00e7os n\u00e3o cortantes, reduzindo o risco de acidentes \u2014 uma vantagem essencial em casas com crian\u00e7as ou pets.<\/p>\n\n\n\n<ul class=\"wp-block-list\">\n<li><a href=\"https:\/\/www.vitraissantaterezinha.com.br\/blog\/index.php\/2025\/11\/25\/manutencao-de-vidro-temperado-quando-realizar-para-evitar-riscos\/\">Manuten\u00e7\u00e3o de vidro temperado: quando realizar para evitar riscos<\/a><\/li>\n<\/ul>\n\n\n\n<h2 class=\"wp-block-heading\"><span class=\"ez-toc-section\" id=\"Design_atemporal_e_integracao_com_a_decoracao\"><\/span><strong>Design atemporal e integra\u00e7\u00e3o com a decora\u00e7\u00e3o<\/strong><span class=\"ez-toc-section-end\"><\/span><\/h2>\n\n\n\n<p class=\"wp-block-paragraph\">O vidro incolor \u00e9 conhecido por sua <strong>neutralidade visual<\/strong>. Ele combina facilmente com qualquer estilo de decora\u00e7\u00e3o, desde o cl\u00e1ssico ao industrial, passando pelo minimalista.<\/p>\n\n\n\n<p class=\"wp-block-paragraph\">Por ser transparente, a porta se integra ao ambiente sem criar barreiras visuais, o que a torna perfeita para <strong>quem deseja valorizar outros elementos de design<\/strong>, como revestimentos, m\u00f3veis e obras de arte.<\/p>\n\n\n\n<p class=\"wp-block-paragraph\">Al\u00e9m disso, o sistema de correr pode ser personalizado com diferentes acabamentos de ferragens \u2014 em inox, alum\u00ednio escovado, preto fosco ou dourado \u2014 adicionando ainda mais sofistica\u00e7\u00e3o ao conjunto.<\/p>\n\n\n\n<p class=\"wp-block-paragraph\">Em projetos corporativos, a <strong>porta de correr vidro incolor<\/strong> tamb\u00e9m se destaca por oferecer <strong>leveza visual e sensa\u00e7\u00e3o de transpar\u00eancia organizacional<\/strong>, o que transmite modernidade e profissionalismo.<\/p>\n\n\n\n<h2 class=\"wp-block-heading\"><span class=\"ez-toc-section\" id=\"Facilidade_de_limpeza_e_manutencao\"><\/span><strong>Facilidade de limpeza e manuten\u00e7\u00e3o<\/strong><span class=\"ez-toc-section-end\"><\/span><\/h2>\n\n\n\n<p class=\"wp-block-paragraph\">Outro grande benef\u00edcio est\u00e1 na praticidade. O vidro \u00e9 um material f\u00e1cil de limpar e manter. Basta utilizar um pano macio e produtos neutros para manter a transpar\u00eancia e o brilho por muito tempo.<\/p>\n\n\n\n<p class=\"wp-block-paragraph\">Diferente de portas de madeira ou alum\u00ednio, que exigem pintura ou polimento, o vidro mant\u00e9m sua apar\u00eancia original por anos, sem desgaste percept\u00edvel. Isso faz da <strong>porta de correr vidro incolor<\/strong> uma op\u00e7\u00e3o econ\u00f4mica tamb\u00e9m a longo prazo.<\/p>\n\n\n\n<h2 class=\"wp-block-heading\"><span class=\"ez-toc-section\" id=\"Sustentabilidade_e_conforto_termico\"><\/span><strong>Sustentabilidade e conforto t\u00e9rmico<\/strong><span class=\"ez-toc-section-end\"><\/span><\/h2>\n\n\n\n<p class=\"wp-block-paragraph\">A busca por solu\u00e7\u00f5es sustent\u00e1veis \u00e9 uma tend\u00eancia crescente na arquitetura e no design de interiores. E a <strong>porta de correr vidro incolor<\/strong> se encaixa perfeitamente nesse conceito.<\/p>\n\n\n\n<p class=\"wp-block-paragraph\">Ao favorecer o aproveitamento da luz natural, ela <strong>reduz o consumo de energia el\u00e9trica<\/strong> e melhora o conforto t\u00e9rmico dos ambientes. O uso de vidros de alta performance, com controle solar, pode ainda minimizar a entrada de calor, mantendo o ambiente fresco e agrad\u00e1vel.<\/p>\n\n\n\n<ul class=\"wp-block-list\">\n<li><a href=\"https:\/\/www.vitraissantaterezinha.com.br\/blog\/index.php\/2025\/10\/24\/vidro-artico-o-segredo-dos-ambientes-leves-modernos-e-sofisticados\/\">Vidro \u00e1rtico: o segredo dos ambientes leves, modernos e sofisticados<\/a><\/li>\n<\/ul>\n\n\n\n<h2 class=\"wp-block-heading\"><span class=\"ez-toc-section\" id=\"Um_investimento_que_valoriza_o_imovel\"><\/span><strong>Um investimento que valoriza o im\u00f3vel<\/strong><span class=\"ez-toc-section-end\"><\/span><\/h2>\n\n\n\n<p class=\"wp-block-paragraph\">Mais do que um item de decora\u00e7\u00e3o, a <strong>porta de correr vidro incolor<\/strong> \u00e9 um investimento inteligente. Ela <strong>agrega valor est\u00e9tico e financeiro ao im\u00f3vel<\/strong>, tornando o espa\u00e7o mais moderno, arejado e atrativo.<\/p>\n\n\n\n<p class=\"wp-block-paragraph\">Im\u00f3veis com bom aproveitamento de luz natural e acabamento em vidro costumam ter maior valoriza\u00e7\u00e3o no mercado \u2014 tanto para venda quanto para loca\u00e7\u00e3o.<\/p>\n\n\n\n<p class=\"wp-block-paragraph\">Ao unir beleza, funcionalidade e durabilidade, essa porta se torna uma escolha que <strong>re\u00fane todos os elementos que definem um investimento de longo prazo<\/strong>.<\/p>\n\n\n\n<h2 class=\"wp-block-heading\"><span class=\"ez-toc-section\" id=\"Porta_de_correr_vidro_incolor_da_Vitrais_Santa_Terezinha\"><\/span><strong>Porta de correr vidro incolor da Vitrais Santa Terezinha<\/strong><span class=\"ez-toc-section-end\"><\/span><\/h2>\n\n\n\n<p class=\"wp-block-paragraph\">Se voc\u00ea busca <strong>qualidade, experi\u00eancia e atendimento de confian\u00e7a<\/strong>, a <strong>Vitrais Santa Terezinha<\/strong> \u00e9 a escolha certa.<\/p>\n\n\n\n<p class=\"wp-block-paragraph\">Atuando no ramo vidreiro <strong>desde 1976<\/strong>, a empresa \u00e9 refer\u00eancia em <strong>projetos personalizados de portas de correr vidro incolor<\/strong>, atuando com excel\u00eancia em toda a <strong>Zona Norte de S\u00e3o Paulo<\/strong>.<\/p>\n\n\n\n<p class=\"wp-block-paragraph\">Com uma equipe experiente e foco em <strong>transpar\u00eancia, clareza e compromisso com o cliente<\/strong>, a Vitrais Santa Terezinha oferece solu\u00e7\u00f5es sob medida, ideais para <strong>salas, varandas, cozinhas e divis\u00f3rias internas<\/strong>.<\/p>\n\n\n\n<p class=\"wp-block-paragraph\">Cada projeto \u00e9 desenvolvido com aten\u00e7\u00e3o aos detalhes \u2014 do corte do vidro \u00e0 instala\u00e7\u00e3o final \u2014 garantindo <strong>seguran\u00e7a, leveza e acabamento impec\u00e1vel<\/strong>.<\/p>\n\n\n\n<p class=\"wp-block-paragraph\"><strong>Transforme seu ambiente com uma porta de correr vidro incolor feita por quem entende do assunto.<\/strong><\/p>\n\n\n\n<p class=\"wp-block-paragraph\"><strong><a href=\"https:\/\/www.vitraissantaterezinha.com.br\/contato\">Entre em contato com a Vitrais Santa Terezinha e descubra como dar um novo brilho ao seu espa\u00e7o!<\/a><\/strong><\/p>\n","protected":false},"excerpt":{"rendered":"<p><span class=\"span-reading-time rt-reading-time\" style=\"display: block;\"><span class=\"rt-label rt-prefix\">Tempo de leitura: <\/span> <span class=\"rt-time\"> 4<\/span> <span class=\"rt-label rt-postfix\">minutos<\/span><\/span>Porta de correr vidro incolor \u00e9 a escolha ideal para quem busca amplitude, eleg\u00e2ncia e funcionalidade em diferentes ambientes. A porta de correr vidro incolor se tornou um s\u00edmbolo de modernidade, eleg\u00e2ncia e praticidade. Em projetos residenciais ou comerciais, ela&#8230;<\/p>\n","protected":false},"author":1,"featured_media":129,"comment_status":"open","ping_status":"open","sticky":false,"template":"","format":"standard","meta":{"footnotes":""},"categories":[1198],"tags":[1229,1222,1217,1210,1236,1213,1237,1209,1238,1218,1235,1200,1208,1199,1230,1233,1231,1219,1240,1227,1232,1234,1224,1216,1258,1260,1265,1259,1271,1267,1273,1244,1256,1261,1269,1263,1243,1242,1262,1264,1266,1250,1252,1254,1247,1255,1251,1249,1257,1253,1268,1270,1272,1248,1239,1215,1245,1221,1228,1223,1241,1246,1202,1225,1203,1207,1214,1201,1204,1205,1206,1211,1212,1220,1226,212,210,54],"class_list":["post-128","post","type-post","status-publish","format-standard","has-post-thumbnail","hentry","category-janelas-e-portas","tag-como-escolher-ferragens-para-porta-de-correr-vidro-incolor","tag-como-instalar-porta-de-correr-vidro-incolor","tag-como-limpar-porta-de-correr-vidro-incolor","tag-divisorias-de-vidro-em-sp","tag-empresa-de-porta-de-correr-vidro-incolor","tag-empresa-de-vidros-zona-norte","tag-fornecedor-de-porta-de-correr-vidro-incolor","tag-instalacao-de-portas-de-vidro-sp","tag-loja-de-porta-de-correr-vidro-incolor","tag-onde-comprar-porta-de-correr-vidro-incolor-em-sao-paulo","tag-onde-encontrar-porta-de-correr-vidro-incolor-sob-medida","tag-porta-de-correr-de-vidro-para-sala","tag-porta-de-correr-vidro-design-moderno","tag-porta-de-correr-vidro-incolor","tag-porta-de-correr-vidro-incolor-ajuda-na-iluminacao-natural","tag-porta-de-correr-vidro-incolor-aumenta-o-valor-do-imovel","tag-porta-de-correr-vidro-incolor-combina-com-aluminio-preto","tag-porta-de-correr-vidro-incolor-combina-com-cozinha","tag-porta-de-correr-vidro-incolor-comprar","tag-porta-de-correr-vidro-incolor-deixa-passar-calor","tag-porta-de-correr-vidro-incolor-e-boa-para-divisorias-internas","tag-porta-de-correr-vidro-incolor-e-facil-de-limpar","tag-porta-de-correr-vidro-incolor-e-resistente-a-impacto","tag-porta-de-correr-vidro-incolor-e-segura","tag-porta-de-correr-vidro-incolor-em-anhanguera","tag-porta-de-correr-vidro-incolor-em-brasilandia","tag-porta-de-correr-vidro-incolor-em-diadema","tag-porta-de-correr-vidro-incolor-em-guarulhos","tag-porta-de-correr-vidro-incolor-em-limao","tag-porta-de-correr-vidro-incolor-em-osasco","tag-porta-de-correr-vidro-incolor-em-perus","tag-porta-de-correr-vidro-incolor-em-promocao","tag-porta-de-correr-vidro-incolor-em-santana","tag-porta-de-correr-vidro-incolor-em-santo-andre","tag-porta-de-correr-vidro-incolor-em-sao-bernardo","tag-porta-de-correr-vidro-incolor-em-sao-caetano","tag-porta-de-correr-vidro-incolor-em-sao-paulo","tag-porta-de-correr-vidro-incolor-em-sp","tag-porta-de-correr-vidro-incolor-na-cachoeirinha","tag-porta-de-correr-vidro-incolor-na-casa-verde","tag-porta-de-correr-vidro-incolor-na-freguesia-do-o","tag-porta-de-correr-vidro-incolor-na-vila-guilherme","tag-porta-de-correr-vidro-incolor-na-vila-maria","tag-porta-de-correr-vidro-incolor-na-vila-medeiros","tag-porta-de-correr-vidro-incolor-na-zona-leste","tag-porta-de-correr-vidro-incolor-na-zona-norte","tag-porta-de-correr-vidro-incolor-na-zona-oeste","tag-porta-de-correr-vidro-incolor-na-zona-sul","tag-porta-de-correr-vidro-incolor-no-abc","tag-porta-de-correr-vidro-incolor-no-centro","tag-porta-de-correr-vidro-incolor-no-jacana","tag-porta-de-correr-vidro-incolor-no-jaragua","tag-porta-de-correr-vidro-incolor-no-mandaqui","tag-porta-de-correr-vidro-incolor-no-tucuruvi","tag-porta-de-correr-vidro-incolor-onde-encontrar","tag-porta-de-correr-vidro-incolor-para-escritorio","tag-porta-de-correr-vidro-incolor-perto-de-mim","tag-porta-de-correr-vidro-incolor-pode-ser-usada-na-varanda","tag-porta-de-correr-vidro-incolor-pode-ter-trilho-embutido","tag-porta-de-correr-vidro-incolor-precisa-de-manutencao","tag-porta-de-correr-vidro-incolor-preco","tag-porta-de-correr-vidro-incolor-proximo-a-mim","tag-porta-de-correr-vidro-incolor-sob-medida","tag-porta-de-correr-vidro-incolor-vale-a-pena","tag-porta-de-correr-vidro-para-cozinha","tag-porta-de-correr-vidro-preco","tag-porta-de-correr-vidro-residencial","tag-porta-de-correr-vidro-temperado","tag-porta-de-correr-vidro-varanda","tag-porta-de-correr-vidro-zona-norte","tag-porta-de-vidro-com-trilho-embutido","tag-porta-de-vidro-para-apartamento","tag-projetos-com-vidro-em-sp","tag-qual-o-preco-medio-da-porta-de-correr-vidro-incolor","tag-qual-o-tamanho-ideal-da-porta-de-correr-vidro-incolor","tag-vidracaria-em-sao-paulo","tag-vidro-temperado-sob-medida","tag-vitrais-santa-terezinha"],"yoast_head":"<!-- This site is optimized with the Yoast SEO plugin v24.7 - https:\/\/yoast.com\/wordpress\/plugins\/seo\/ -->\n<title>Porta de correr vidro incolor: o investimento que transforma seu ambiente - Blog<\/title>\n<meta name=\"description\" content=\"Porta de correr vidro incolor \u00e9 a escolha ideal para quem busca amplitude, eleg\u00e2ncia e funcionalidade em diferentes ambientes.\" \/>\n<meta name=\"robots\" content=\"index, follow, max-snippet:-1, max-image-preview:large, max-video-preview:-1\" \/>\n<link rel=\"canonical\" href=\"https:\/\/www.vitraissantaterezinha.com.br\/blog\/porta-de-correr-vidro-incolor-o-investimento-que-transforma-seu-ambiente\/\" \/>\n<meta property=\"og:locale\" content=\"pt_BR\" \/>\n<meta property=\"og:type\" content=\"article\" \/>\n<meta property=\"og:title\" content=\"Porta de correr vidro incolor: o investimento que transforma seu ambiente - Blog\" \/>\n<meta property=\"og:description\" content=\"Porta de correr vidro incolor \u00e9 a escolha ideal para quem busca amplitude, eleg\u00e2ncia e funcionalidade em diferentes ambientes.\" \/>\n<meta property=\"og:url\" content=\"https:\/\/www.vitraissantaterezinha.com.br\/blog\/porta-de-correr-vidro-incolor-o-investimento-que-transforma-seu-ambiente\/\" \/>\n<meta property=\"og:site_name\" content=\"Blog\" \/>\n<meta property=\"article:published_time\" content=\"2026-02-10T19:31:57+00:00\" \/>\n<meta property=\"article:modified_time\" content=\"2026-02-10T19:35:09+00:00\" \/>\n<meta property=\"og:image\" content=\"https:\/\/www.vitraissantaterezinha.com.br\/blog\/wp-content\/uploads\/2026\/02\/Captura-de-Tela-2026-02-10-a\u0300s-16.22.53.png\" \/>\n\t<meta property=\"og:image:width\" content=\"757\" \/>\n\t<meta property=\"og:image:height\" content=\"614\" \/>\n\t<meta property=\"og:image:type\" content=\"image\/png\" \/>\n<meta name=\"author\" content=\"admin\" \/>\n<meta name=\"twitter:card\" content=\"summary_large_image\" \/>\n<meta name=\"twitter:label1\" content=\"Escrito por\" \/>\n\t<meta name=\"twitter:data1\" content=\"admin\" \/>\n\t<meta name=\"twitter:label2\" content=\"Est. tempo de leitura\" \/>\n\t<meta name=\"twitter:data2\" content=\"6 minutos\" \/>\n<script type=\"application\/ld+json\" class=\"yoast-schema-graph\">{\"@context\":\"https:\/\/schema.org\",\"@graph\":[{\"@type\":\"Article\",\"@id\":\"https:\/\/www.vitraissantaterezinha.com.br\/blog\/porta-de-correr-vidro-incolor-o-investimento-que-transforma-seu-ambiente\/#article\",\"isPartOf\":{\"@id\":\"https:\/\/www.vitraissantaterezinha.com.br\/blog\/porta-de-correr-vidro-incolor-o-investimento-que-transforma-seu-ambiente\/\"},\"author\":{\"name\":\"admin\",\"@id\":\"https:\/\/www.vitraissantaterezinha.com.br\/blog\/#\/schema\/person\/12ce63af1486ac9387c334f32d21eb74\"},\"headline\":\"Porta de correr vidro incolor: o investimento que transforma seu ambiente\",\"datePublished\":\"2026-02-10T19:31:57+00:00\",\"dateModified\":\"2026-02-10T19:35:09+00:00\",\"mainEntityOfPage\":{\"@id\":\"https:\/\/www.vitraissantaterezinha.com.br\/blog\/porta-de-correr-vidro-incolor-o-investimento-que-transforma-seu-ambiente\/\"},\"wordCount\":1088,\"commentCount\":0,\"publisher\":{\"@id\":\"https:\/\/www.vitraissantaterezinha.com.br\/blog\/#organization\"},\"image\":{\"@id\":\"https:\/\/www.vitraissantaterezinha.com.br\/blog\/porta-de-correr-vidro-incolor-o-investimento-que-transforma-seu-ambiente\/#primaryimage\"},\"thumbnailUrl\":\"https:\/\/www.vitraissantaterezinha.com.br\/blog\/wp-content\/uploads\/2026\/02\/Captura-de-Tela-2026-02-10-a\u0300s-16.22.53.png\",\"keywords\":[\"como escolher ferragens para porta de correr vidro incolor?\",\"como instalar porta de correr vidro incolor?\",\"como limpar porta de correr vidro incolor?\",\"divis\u00f3rias de vidro em SP\",\"empresa de porta de correr vidro incolor\",\"empresa de vidros zona norte\",\"fornecedor de porta de correr vidro incolor\",\"instala\u00e7\u00e3o de portas de vidro SP\",\"loja de porta de correr vidro incolor\",\"onde comprar porta de correr vidro incolor em S\u00e3o Paulo?\",\"onde encontrar porta de correr vidro incolor sob medida?\",\"porta de correr de vidro para sala\",\"porta de correr vidro design moderno\",\"porta de correr vidro incolor\",\"porta de correr vidro incolor ajuda na ilumina\u00e7\u00e3o natural?\",\"porta de correr vidro incolor aumenta o valor do im\u00f3vel?\",\"porta de correr vidro incolor combina com alum\u00ednio preto?\",\"porta de correr vidro incolor combina com cozinha?\",\"porta de correr vidro incolor comprar\",\"porta de correr vidro incolor deixa passar calor?\",\"porta de correr vidro incolor \u00e9 boa para divis\u00f3rias internas?\",\"porta de correr vidro incolor \u00e9 f\u00e1cil de limpar?\",\"porta de correr vidro incolor \u00e9 resistente a impacto?\",\"porta de correr vidro incolor \u00e9 segura?\",\"porta de correr vidro incolor em Anhanguera\",\"porta de correr vidro incolor em Brasil\u00e2ndia\",\"porta de correr vidro incolor em Diadema\",\"porta de correr vidro incolor em Guarulhos\",\"porta de correr vidro incolor em Lim\u00e3o\",\"porta de correr vidro incolor em Osasco\",\"porta de correr vidro incolor em Perus\",\"porta de correr vidro incolor em promo\u00e7\u00e3o\",\"porta de correr vidro incolor em Santana\",\"porta de correr vidro incolor em Santo Andr\u00e9\",\"porta de correr vidro incolor em S\u00e3o Bernardo\",\"porta de correr vidro incolor em S\u00e3o Caetano\",\"porta de correr vidro incolor em s\u00e3o paulo\",\"porta de correr vidro incolor em sp\",\"porta de correr vidro incolor na Cachoeirinha\",\"porta de correr vidro incolor na Casa Verde\",\"porta de correr vidro incolor na Freguesia do \u00d3\",\"porta de correr vidro incolor na Vila Guilherme\",\"porta de correr vidro incolor na Vila Maria\",\"porta de correr vidro incolor na Vila Medeiros\",\"porta de correr vidro incolor na zona leste\",\"porta de correr vidro incolor na zona norte\",\"porta de correr vidro incolor na zona oeste\",\"porta de correr vidro incolor na zona sul\",\"porta de correr vidro incolor no ABC\",\"porta de correr vidro incolor no centro\",\"porta de correr vidro incolor no Ja\u00e7an\u00e3\",\"porta de correr vidro incolor no Jaragu\u00e1\",\"porta de correr vidro incolor no Mandaqui\",\"porta de correr vidro incolor no Tucuruvi\",\"porta de correr vidro incolor onde encontrar\",\"porta de correr vidro incolor para escrit\u00f3rio\",\"porta de correr vidro incolor perto de mim\",\"porta de correr vidro incolor pode ser usada na varanda?\",\"porta de correr vidro incolor pode ter trilho embutido?\",\"porta de correr vidro incolor precisa de manuten\u00e7\u00e3o?\",\"porta de correr vidro incolor pre\u00e7o\",\"porta de correr vidro incolor pr\u00f3ximo a mim\",\"porta de correr vidro incolor sob medida\",\"porta de correr vidro incolor vale a pena?\",\"porta de correr vidro para cozinha\",\"porta de correr vidro pre\u00e7o\",\"porta de correr vidro residencial\",\"porta de correr vidro temperado\",\"porta de correr vidro varanda\",\"porta de correr vidro zona norte\",\"porta de vidro com trilho embutido\",\"porta de vidro para apartamento\",\"projetos com vidro em SP\",\"qual o pre\u00e7o m\u00e9dio da porta de correr vidro incolor?\",\"qual o tamanho ideal da porta de correr vidro incolor?\",\"vidra\u00e7aria em S\u00e3o Paulo\",\"vidro temperado sob medida\",\"Vitrais Santa Terezinha\"],\"articleSection\":[\"Janelas e Portas\"],\"inLanguage\":\"pt-BR\",\"potentialAction\":[{\"@type\":\"CommentAction\",\"name\":\"Comment\",\"target\":[\"https:\/\/www.vitraissantaterezinha.com.br\/blog\/porta-de-correr-vidro-incolor-o-investimento-que-transforma-seu-ambiente\/#respond\"]}]},{\"@type\":\"WebPage\",\"@id\":\"https:\/\/www.vitraissantaterezinha.com.br\/blog\/porta-de-correr-vidro-incolor-o-investimento-que-transforma-seu-ambiente\/\",\"url\":\"https:\/\/www.vitraissantaterezinha.com.br\/blog\/porta-de-correr-vidro-incolor-o-investimento-que-transforma-seu-ambiente\/\",\"name\":\"Porta de correr vidro incolor: o investimento que transforma seu ambiente - Blog\",\"isPartOf\":{\"@id\":\"https:\/\/www.vitraissantaterezinha.com.br\/blog\/#website\"},\"primaryImageOfPage\":{\"@id\":\"https:\/\/www.vitraissantaterezinha.com.br\/blog\/porta-de-correr-vidro-incolor-o-investimento-que-transforma-seu-ambiente\/#primaryimage\"},\"image\":{\"@id\":\"https:\/\/www.vitraissantaterezinha.com.br\/blog\/porta-de-correr-vidro-incolor-o-investimento-que-transforma-seu-ambiente\/#primaryimage\"},\"thumbnailUrl\":\"https:\/\/www.vitraissantaterezinha.com.br\/blog\/wp-content\/uploads\/2026\/02\/Captura-de-Tela-2026-02-10-a\u0300s-16.22.53.png\",\"datePublished\":\"2026-02-10T19:31:57+00:00\",\"dateModified\":\"2026-02-10T19:35:09+00:00\",\"description\":\"Porta de correr vidro incolor \u00e9 a escolha ideal para quem busca amplitude, eleg\u00e2ncia e funcionalidade em diferentes ambientes.\",\"breadcrumb\":{\"@id\":\"https:\/\/www.vitraissantaterezinha.com.br\/blog\/porta-de-correr-vidro-incolor-o-investimento-que-transforma-seu-ambiente\/#breadcrumb\"},\"inLanguage\":\"pt-BR\",\"potentialAction\":[{\"@type\":\"ReadAction\",\"target\":[\"https:\/\/www.vitraissantaterezinha.com.br\/blog\/porta-de-correr-vidro-incolor-o-investimento-que-transforma-seu-ambiente\/\"]}]},{\"@type\":\"ImageObject\",\"inLanguage\":\"pt-BR\",\"@id\":\"https:\/\/www.vitraissantaterezinha.com.br\/blog\/porta-de-correr-vidro-incolor-o-investimento-que-transforma-seu-ambiente\/#primaryimage\",\"url\":\"https:\/\/www.vitraissantaterezinha.com.br\/blog\/wp-content\/uploads\/2026\/02\/Captura-de-Tela-2026-02-10-a\u0300s-16.22.53.png\",\"contentUrl\":\"https:\/\/www.vitraissantaterezinha.com.br\/blog\/wp-content\/uploads\/2026\/02\/Captura-de-Tela-2026-02-10-a\u0300s-16.22.53.png\",\"width\":757,\"height\":614,\"caption\":\"Porta de correr vidro incolor: o investimento que transforma seu ambiente\"},{\"@type\":\"BreadcrumbList\",\"@id\":\"https:\/\/www.vitraissantaterezinha.com.br\/blog\/porta-de-correr-vidro-incolor-o-investimento-que-transforma-seu-ambiente\/#breadcrumb\",\"itemListElement\":[{\"@type\":\"ListItem\",\"position\":1,\"name\":\"In\u00edcio\",\"item\":\"https:\/\/www.vitraissantaterezinha.com.br\/blog\/\"},{\"@type\":\"ListItem\",\"position\":2,\"name\":\"Porta de correr vidro incolor: o investimento que transforma seu ambiente\"}]},{\"@type\":\"WebSite\",\"@id\":\"https:\/\/www.vitraissantaterezinha.com.br\/blog\/#website\",\"url\":\"https:\/\/www.vitraissantaterezinha.com.br\/blog\/\",\"name\":\"Blog\",\"description\":\"\",\"publisher\":{\"@id\":\"https:\/\/www.vitraissantaterezinha.com.br\/blog\/#organization\"},\"potentialAction\":[{\"@type\":\"SearchAction\",\"target\":{\"@type\":\"EntryPoint\",\"urlTemplate\":\"https:\/\/www.vitraissantaterezinha.com.br\/blog\/?s={search_term_string}\"},\"query-input\":{\"@type\":\"PropertyValueSpecification\",\"valueRequired\":true,\"valueName\":\"search_term_string\"}}],\"inLanguage\":\"pt-BR\"},{\"@type\":\"Organization\",\"@id\":\"https:\/\/www.vitraissantaterezinha.com.br\/blog\/#organization\",\"name\":\"Blog\",\"url\":\"https:\/\/www.vitraissantaterezinha.com.br\/blog\/\",\"logo\":{\"@type\":\"ImageObject\",\"inLanguage\":\"pt-BR\",\"@id\":\"https:\/\/www.vitraissantaterezinha.com.br\/blog\/#\/schema\/logo\/image\/\",\"url\":\"https:\/\/www.vitraissantaterezinha.com.br\/blog\/wp-content\/uploads\/2025\/03\/logo.png\",\"contentUrl\":\"https:\/\/www.vitraissantaterezinha.com.br\/blog\/wp-content\/uploads\/2025\/03\/logo.png\",\"width\":398,\"height\":136,\"caption\":\"Blog\"},\"image\":{\"@id\":\"https:\/\/www.vitraissantaterezinha.com.br\/blog\/#\/schema\/logo\/image\/\"}},{\"@type\":\"Person\",\"@id\":\"https:\/\/www.vitraissantaterezinha.com.br\/blog\/#\/schema\/person\/12ce63af1486ac9387c334f32d21eb74\",\"name\":\"admin\",\"image\":{\"@type\":\"ImageObject\",\"inLanguage\":\"pt-BR\",\"@id\":\"https:\/\/www.vitraissantaterezinha.com.br\/blog\/#\/schema\/person\/image\/\",\"url\":\"https:\/\/secure.gravatar.com\/avatar\/d2abb7e535a7590a6f9b76c75c90ec5441db3a04a205e6d66ecabfb80081f172?s=96&d=mm&r=g\",\"contentUrl\":\"https:\/\/secure.gravatar.com\/avatar\/d2abb7e535a7590a6f9b76c75c90ec5441db3a04a205e6d66ecabfb80081f172?s=96&d=mm&r=g\",\"caption\":\"admin\"},\"sameAs\":[\"https:\/\/www.vitraissantaterezinha.com.br\/blog\"],\"url\":\"https:\/\/www.vitraissantaterezinha.com.br\/blog\/author\/admin\/\"}]}<\/script>\n<!-- \/ Yoast SEO plugin. -->","yoast_head_json":{"title":"Porta de correr vidro incolor: o investimento que transforma seu ambiente - Blog","description":"Porta de correr vidro incolor \u00e9 a escolha ideal para quem busca amplitude, eleg\u00e2ncia e funcionalidade em diferentes ambientes.","robots":{"index":"index","follow":"follow","max-snippet":"max-snippet:-1","max-image-preview":"max-image-preview:large","max-video-preview":"max-video-preview:-1"},"canonical":"https:\/\/www.vitraissantaterezinha.com.br\/blog\/porta-de-correr-vidro-incolor-o-investimento-que-transforma-seu-ambiente\/","og_locale":"pt_BR","og_type":"article","og_title":"Porta de correr vidro incolor: o investimento que transforma seu ambiente - Blog","og_description":"Porta de correr vidro incolor \u00e9 a escolha ideal para quem busca amplitude, eleg\u00e2ncia e funcionalidade em diferentes ambientes.","og_url":"https:\/\/www.vitraissantaterezinha.com.br\/blog\/porta-de-correr-vidro-incolor-o-investimento-que-transforma-seu-ambiente\/","og_site_name":"Blog","article_published_time":"2026-02-10T19:31:57+00:00","article_modified_time":"2026-02-10T19:35:09+00:00","og_image":[{"width":757,"height":614,"url":"https:\/\/www.vitraissantaterezinha.com.br\/blog\/wp-content\/uploads\/2026\/02\/Captura-de-Tela-2026-02-10-a\u0300s-16.22.53.png","type":"image\/png"}],"author":"admin","twitter_card":"summary_large_image","twitter_misc":{"Escrito por":"admin","Est. tempo de leitura":"6 minutos"},"schema":{"@context":"https:\/\/schema.org","@graph":[{"@type":"Article","@id":"https:\/\/www.vitraissantaterezinha.com.br\/blog\/porta-de-correr-vidro-incolor-o-investimento-que-transforma-seu-ambiente\/#article","isPartOf":{"@id":"https:\/\/www.vitraissantaterezinha.com.br\/blog\/porta-de-correr-vidro-incolor-o-investimento-que-transforma-seu-ambiente\/"},"author":{"name":"admin","@id":"https:\/\/www.vitraissantaterezinha.com.br\/blog\/#\/schema\/person\/12ce63af1486ac9387c334f32d21eb74"},"headline":"Porta de correr vidro incolor: o investimento que transforma seu ambiente","datePublished":"2026-02-10T19:31:57+00:00","dateModified":"2026-02-10T19:35:09+00:00","mainEntityOfPage":{"@id":"https:\/\/www.vitraissantaterezinha.com.br\/blog\/porta-de-correr-vidro-incolor-o-investimento-que-transforma-seu-ambiente\/"},"wordCount":1088,"commentCount":0,"publisher":{"@id":"https:\/\/www.vitraissantaterezinha.com.br\/blog\/#organization"},"image":{"@id":"https:\/\/www.vitraissantaterezinha.com.br\/blog\/porta-de-correr-vidro-incolor-o-investimento-que-transforma-seu-ambiente\/#primaryimage"},"thumbnailUrl":"https:\/\/www.vitraissantaterezinha.com.br\/blog\/wp-content\/uploads\/2026\/02\/Captura-de-Tela-2026-02-10-a\u0300s-16.22.53.png","keywords":["como escolher ferragens para porta de correr vidro incolor?","como instalar porta de correr vidro incolor?","como limpar porta de correr vidro incolor?","divis\u00f3rias de vidro em SP","empresa de porta de correr vidro incolor","empresa de vidros zona norte","fornecedor de porta de correr vidro incolor","instala\u00e7\u00e3o de portas de vidro SP","loja de porta de correr vidro incolor","onde comprar porta de correr vidro incolor em S\u00e3o Paulo?","onde encontrar porta de correr vidro incolor sob medida?","porta de correr de vidro para sala","porta de correr vidro design moderno","porta de correr vidro incolor","porta de correr vidro incolor ajuda na ilumina\u00e7\u00e3o natural?","porta de correr vidro incolor aumenta o valor do im\u00f3vel?","porta de correr vidro incolor combina com alum\u00ednio preto?","porta de correr vidro incolor combina com cozinha?","porta de correr vidro incolor comprar","porta de correr vidro incolor deixa passar calor?","porta de correr vidro incolor \u00e9 boa para divis\u00f3rias internas?","porta de correr vidro incolor \u00e9 f\u00e1cil de limpar?","porta de correr vidro incolor \u00e9 resistente a impacto?","porta de correr vidro incolor \u00e9 segura?","porta de correr vidro incolor em Anhanguera","porta de correr vidro incolor em Brasil\u00e2ndia","porta de correr vidro incolor em Diadema","porta de correr vidro incolor em Guarulhos","porta de correr vidro incolor em Lim\u00e3o","porta de correr vidro incolor em Osasco","porta de correr vidro incolor em Perus","porta de correr vidro incolor em promo\u00e7\u00e3o","porta de correr vidro incolor em Santana","porta de correr vidro incolor em Santo Andr\u00e9","porta de correr vidro incolor em S\u00e3o Bernardo","porta de correr vidro incolor em S\u00e3o Caetano","porta de correr vidro incolor em s\u00e3o paulo","porta de correr vidro incolor em sp","porta de correr vidro incolor na Cachoeirinha","porta de correr vidro incolor na Casa Verde","porta de correr vidro incolor na Freguesia do \u00d3","porta de correr vidro incolor na Vila Guilherme","porta de correr vidro incolor na Vila Maria","porta de correr vidro incolor na Vila Medeiros","porta de correr vidro incolor na zona leste","porta de correr vidro incolor na zona norte","porta de correr vidro incolor na zona oeste","porta de correr vidro incolor na zona sul","porta de correr vidro incolor no ABC","porta de correr vidro incolor no centro","porta de correr vidro incolor no Ja\u00e7an\u00e3","porta de correr vidro incolor no Jaragu\u00e1","porta de correr vidro incolor no Mandaqui","porta de correr vidro incolor no Tucuruvi","porta de correr vidro incolor onde encontrar","porta de correr vidro incolor para escrit\u00f3rio","porta de correr vidro incolor perto de mim","porta de correr vidro incolor pode ser usada na varanda?","porta de correr vidro incolor pode ter trilho embutido?","porta de correr vidro incolor precisa de manuten\u00e7\u00e3o?","porta de correr vidro incolor pre\u00e7o","porta de correr vidro incolor pr\u00f3ximo a mim","porta de correr vidro incolor sob medida","porta de correr vidro incolor vale a pena?","porta de correr vidro para cozinha","porta de correr vidro pre\u00e7o","porta de correr vidro residencial","porta de correr vidro temperado","porta de correr vidro varanda","porta de correr vidro zona norte","porta de vidro com trilho embutido","porta de vidro para apartamento","projetos com vidro em SP","qual o pre\u00e7o m\u00e9dio da porta de correr vidro incolor?","qual o tamanho ideal da porta de correr vidro incolor?","vidra\u00e7aria em S\u00e3o Paulo","vidro temperado sob medida","Vitrais Santa Terezinha"],"articleSection":["Janelas e Portas"],"inLanguage":"pt-BR","potentialAction":[{"@type":"CommentAction","name":"Comment","target":["https:\/\/www.vitraissantaterezinha.com.br\/blog\/porta-de-correr-vidro-incolor-o-investimento-que-transforma-seu-ambiente\/#respond"]}]},{"@type":"WebPage","@id":"https:\/\/www.vitraissantaterezinha.com.br\/blog\/porta-de-correr-vidro-incolor-o-investimento-que-transforma-seu-ambiente\/","url":"https:\/\/www.vitraissantaterezinha.com.br\/blog\/porta-de-correr-vidro-incolor-o-investimento-que-transforma-seu-ambiente\/","name":"Porta de correr vidro incolor: o investimento que transforma seu ambiente - Blog","isPartOf":{"@id":"https:\/\/www.vitraissantaterezinha.com.br\/blog\/#website"},"primaryImageOfPage":{"@id":"https:\/\/www.vitraissantaterezinha.com.br\/blog\/porta-de-correr-vidro-incolor-o-investimento-que-transforma-seu-ambiente\/#primaryimage"},"image":{"@id":"https:\/\/www.vitraissantaterezinha.com.br\/blog\/porta-de-correr-vidro-incolor-o-investimento-que-transforma-seu-ambiente\/#primaryimage"},"thumbnailUrl":"https:\/\/www.vitraissantaterezinha.com.br\/blog\/wp-content\/uploads\/2026\/02\/Captura-de-Tela-2026-02-10-a\u0300s-16.22.53.png","datePublished":"2026-02-10T19:31:57+00:00","dateModified":"2026-02-10T19:35:09+00:00","description":"Porta de correr vidro incolor \u00e9 a escolha ideal para quem busca amplitude, eleg\u00e2ncia e funcionalidade em diferentes ambientes.","breadcrumb":{"@id":"https:\/\/www.vitraissantaterezinha.com.br\/blog\/porta-de-correr-vidro-incolor-o-investimento-que-transforma-seu-ambiente\/#breadcrumb"},"inLanguage":"pt-BR","potentialAction":[{"@type":"ReadAction","target":["https:\/\/www.vitraissantaterezinha.com.br\/blog\/porta-de-correr-vidro-incolor-o-investimento-que-transforma-seu-ambiente\/"]}]},{"@type":"ImageObject","inLanguage":"pt-BR","@id":"https:\/\/www.vitraissantaterezinha.com.br\/blog\/porta-de-correr-vidro-incolor-o-investimento-que-transforma-seu-ambiente\/#primaryimage","url":"https:\/\/www.vitraissantaterezinha.com.br\/blog\/wp-content\/uploads\/2026\/02\/Captura-de-Tela-2026-02-10-a\u0300s-16.22.53.png","contentUrl":"https:\/\/www.vitraissantaterezinha.com.br\/blog\/wp-content\/uploads\/2026\/02\/Captura-de-Tela-2026-02-10-a\u0300s-16.22.53.png","width":757,"height":614,"caption":"Porta de correr vidro incolor: o investimento que transforma seu ambiente"},{"@type":"BreadcrumbList","@id":"https:\/\/www.vitraissantaterezinha.com.br\/blog\/porta-de-correr-vidro-incolor-o-investimento-que-transforma-seu-ambiente\/#breadcrumb","itemListElement":[{"@type":"ListItem","position":1,"name":"In\u00edcio","item":"https:\/\/www.vitraissantaterezinha.com.br\/blog\/"},{"@type":"ListItem","position":2,"name":"Porta de correr vidro incolor: o investimento que transforma seu ambiente"}]},{"@type":"WebSite","@id":"https:\/\/www.vitraissantaterezinha.com.br\/blog\/#website","url":"https:\/\/www.vitraissantaterezinha.com.br\/blog\/","name":"Blog","description":"","publisher":{"@id":"https:\/\/www.vitraissantaterezinha.com.br\/blog\/#organization"},"potentialAction":[{"@type":"SearchAction","target":{"@type":"EntryPoint","urlTemplate":"https:\/\/www.vitraissantaterezinha.com.br\/blog\/?s={search_term_string}"},"query-input":{"@type":"PropertyValueSpecification","valueRequired":true,"valueName":"search_term_string"}}],"inLanguage":"pt-BR"},{"@type":"Organization","@id":"https:\/\/www.vitraissantaterezinha.com.br\/blog\/#organization","name":"Blog","url":"https:\/\/www.vitraissantaterezinha.com.br\/blog\/","logo":{"@type":"ImageObject","inLanguage":"pt-BR","@id":"https:\/\/www.vitraissantaterezinha.com.br\/blog\/#\/schema\/logo\/image\/","url":"https:\/\/www.vitraissantaterezinha.com.br\/blog\/wp-content\/uploads\/2025\/03\/logo.png","contentUrl":"https:\/\/www.vitraissantaterezinha.com.br\/blog\/wp-content\/uploads\/2025\/03\/logo.png","width":398,"height":136,"caption":"Blog"},"image":{"@id":"https:\/\/www.vitraissantaterezinha.com.br\/blog\/#\/schema\/logo\/image\/"}},{"@type":"Person","@id":"https:\/\/www.vitraissantaterezinha.com.br\/blog\/#\/schema\/person\/12ce63af1486ac9387c334f32d21eb74","name":"admin","image":{"@type":"ImageObject","inLanguage":"pt-BR","@id":"https:\/\/www.vitraissantaterezinha.com.br\/blog\/#\/schema\/person\/image\/","url":"https:\/\/secure.gravatar.com\/avatar\/d2abb7e535a7590a6f9b76c75c90ec5441db3a04a205e6d66ecabfb80081f172?s=96&d=mm&r=g","contentUrl":"https:\/\/secure.gravatar.com\/avatar\/d2abb7e535a7590a6f9b76c75c90ec5441db3a04a205e6d66ecabfb80081f172?s=96&d=mm&r=g","caption":"admin"},"sameAs":["https:\/\/www.vitraissantaterezinha.com.br\/blog"],"url":"https:\/\/www.vitraissantaterezinha.com.br\/blog\/author\/admin\/"}]}},"_links":{"self":[{"href":"https:\/\/www.vitraissantaterezinha.com.br\/blog\/wp-json\/wp\/v2\/posts\/128","targetHints":{"allow":["GET"]}}],"collection":[{"href":"https:\/\/www.vitraissantaterezinha.com.br\/blog\/wp-json\/wp\/v2\/posts"}],"about":[{"href":"https:\/\/www.vitraissantaterezinha.com.br\/blog\/wp-json\/wp\/v2\/types\/post"}],"author":[{"embeddable":true,"href":"https:\/\/www.vitraissantaterezinha.com.br\/blog\/wp-json\/wp\/v2\/users\/1"}],"replies":[{"embeddable":true,"href":"https:\/\/www.vitraissantaterezinha.com.br\/blog\/wp-json\/wp\/v2\/comments?post=128"}],"version-history":[{"count":1,"href":"https:\/\/www.vitraissantaterezinha.com.br\/blog\/wp-json\/wp\/v2\/posts\/128\/revisions"}],"predecessor-version":[{"id":131,"href":"https:\/\/www.vitraissantaterezinha.com.br\/blog\/wp-json\/wp\/v2\/posts\/128\/revisions\/131"}],"wp:featuredmedia":[{"embeddable":true,"href":"https:\/\/www.vitraissantaterezinha.com.br\/blog\/wp-json\/wp\/v2\/media\/129"}],"wp:attachment":[{"href":"https:\/\/www.vitraissantaterezinha.com.br\/blog\/wp-json\/wp\/v2\/media?parent=128"}],"wp:term":[{"taxonomy":"category","embeddable":true,"href":"https:\/\/www.vitraissantaterezinha.com.br\/blog\/wp-json\/wp\/v2\/categories?post=128"},{"taxonomy":"post_tag","embeddable":true,"href":"https:\/\/www.vitraissantaterezinha.com.br\/blog\/wp-json\/wp\/v2\/tags?post=128"}],"curies":[{"name":"wp","href":"https:\/\/api.w.org\/{rel}","templated":true}]}}